{"id":8889,"date":"2025-09-03T18:20:31","date_gmt":"2025-09-03T18:20:31","guid":{"rendered":"https:\/\/cpivaldelaatalaya.es\/?p=8889"},"modified":"2025-09-04T12:46:56","modified_gmt":"2025-09-04T12:46:56","slug":"entradas-y-salidas-de-infantil-y-primaria","status":"publish","type":"post","link":"https:\/\/cpivaldelaatalaya.es\/?p=8889","title":{"rendered":"Entradas y salidas de Infantil y Primaria"},"content":{"rendered":"\n<p><strong>INFANTIL:<\/strong> La entrada la realizar\u00e1n a las 9 por la puerta de infantil (que se abrir\u00e1 7min antes) y acceder\u00e1n a cada una de sus respectivas clases. Las primeras son de 3 a\u00f1os, le siguen las de 4 a\u00f1os y las de de 5 a\u00f1os al fondo del patio. La salida la realizan por la misma puerta de clase.<\/p>\n<p><span style=\"font-weight: 400;\">Durante el periodo de adaptaci\u00f3n para los ni\u00f1os de 3 a\u00f1os se ajustar\u00e1n al horario indicado por las tutoras y por las puertas de sus clases.<\/span><\/p>\n<p><strong>PRIMARIA: La puerta se abrir\u00e1 a las 8:53 y las clases dar\u00e1n comienzo a las 9.\u00a0<\/strong><\/p>\n<p><span style=\"text-decoration: underline;\">DE 1\u00ba A 4\u00ba Y TODO EL ALUMNADO NUEVO (inclusive 5\u00ba y 6\u00ba)<\/span> ENTRAR\u00c1N POR LA PUERTA GRANDE\/PRINCIPAL DE PRIMARIA.<\/p>\n<p>Alumnado de 1\u00ba: Los dos primeros d\u00edas haremos las filas en el Hall del patio de primaria. Habr\u00e1 un cartel se\u00f1al\u00e1ndolo y estar\u00e1n las tutoras del curso pasado y las de este curso esperando all\u00ed. El resto de d\u00edas los alumn@s entrar\u00e1n solos hasta sus clases. Estos primeros d\u00edas estaremos profesorado pendiente de las entradas para que vayan familiariz\u00e1ndose poco a poco con los espacios. Los alumnos nuevos de 1\u00ba lo har\u00e1n con su grupo tambi\u00e9n.<\/p>\n<p>Alumnado de 2\u00ba: Entrar\u00e1n por la puerta directamente a las aulas, accediendo por la rampa del comedor.<\/p>\n<p>Alumnado de 3\u00ba y 4\u00ba: Entrar\u00e1n al edificio de Primaria cruzando el patio y accediendo al edificio por la puerta del fondo.<\/p>\n<p>Alumnado nuevo de 2\u00ba a 6\u00ba: esperar\u00e1n el primer d\u00eda en el Hall del patio de primaria. Habr\u00e1 un cartel de \u00bb ALUMNADO NUEVO\u00bb. Estaremos un miembro del Equipo directivo y junto con nuestros alumnos ayudantes de 6\u00ba los recibiremos en el Val para hacer una primera acogida y acompa\u00f1arles a sus aulas. La salida la har\u00e1n por la puerta correspondiente a su curso.<\/p>\n<p><span style=\"text-decoration: underline;\">5\u00ba Y 6\u00ba DE PRIMARIA<\/span><\/p>\n<p>Acceden por la puerta m\u00e1s peque\u00f1a, cercana a la principal de primaria. Rodean el edificio entrando por Conserjer\u00eda\/Secretaria y suben por las escaleras del Hall. La salida es por la misma puerta.<\/p>\n<p><em>Durante las entradas os pedimos a todas las familias puntualidad para que las clases puedan comenzar a las 9h sin interrupciones posteriores.<\/em><\/p>\n<p>\u00a1OS ESPERAMOS EL LUNES!<\/p>\n","protected":false},"excerpt":{"rendered":"<p>INFANTIL: La entrada la realizar\u00e1n a las 9 por la puerta de infantil (que se abrir\u00e1 7min antes) y acceder\u00e1n a cada una de sus respectivas clases. Las primeras son de 3 a\u00f1os, le siguen las de 4 a\u00f1os y las de de 5 a\u00f1os al fondo del patio. La salida la realizan por la &hellip; <\/p>\n<p><a class=\"more-link btn\" href=\"https:\/\/cpivaldelaatalaya.es\/?p=8889\">Seguir leyendo<\/a><\/p>\n","protected":false},"author":2,"featured_media":0,"comment_status":"closed","ping_status":"closed","sticky":false,"template":"","format":"standard","meta":{"footnotes":""},"categories":[1],"tags":[],"class_list":["post-8889","post","type-post","status-publish","format-standard","hentry","category-sin-categoria","item-wrap"],"_links":{"self":[{"href":"https:\/\/cpivaldelaatalaya.es\/index.php?rest_route=\/wp\/v2\/posts\/8889","targetHints":{"allow":["GET"]}}],"collection":[{"href":"https:\/\/cpivaldelaatalaya.es\/index.php?rest_route=\/wp\/v2\/posts"}],"about":[{"href":"https:\/\/cpivaldelaatalaya.es\/index.php?rest_route=\/wp\/v2\/types\/post"}],"author":[{"embeddable":true,"href":"https:\/\/cpivaldelaatalaya.es\/index.php?rest_route=\/wp\/v2\/users\/2"}],"replies":[{"embeddable":true,"href":"https:\/\/cpivaldelaatalaya.es\/index.php?rest_route=%2Fwp%2Fv2%2Fcomments&post=8889"}],"version-history":[{"count":2,"href":"https:\/\/cpivaldelaatalaya.es\/index.php?rest_route=\/wp\/v2\/posts\/8889\/revisions"}],"predecessor-version":[{"id":8892,"href":"https:\/\/cpivaldelaatalaya.es\/index.php?rest_route=\/wp\/v2\/posts\/8889\/revisions\/8892"}],"wp:attachment":[{"href":"https:\/\/cpivaldelaatalaya.es\/index.php?rest_route=%2Fwp%2Fv2%2Fmedia&parent=8889"}],"wp:term":[{"taxonomy":"category","embeddable":true,"href":"https:\/\/cpivaldelaatalaya.es\/index.php?rest_route=%2Fwp%2Fv2%2Fcategories&post=8889"},{"taxonomy":"post_tag","embeddable":true,"href":"https:\/\/cpivaldelaatalaya.es\/index.php?rest_route=%2Fwp%2Fv2%2Ftags&post=8889"}],"curies":[{"name":"wp","href":"https:\/\/api.w.org\/{rel}","templated":true}]}}