{"id":8875,"date":"2025-08-29T11:50:56","date_gmt":"2025-08-29T11:50:56","guid":{"rendered":"https:\/\/cpivaldelaatalaya.es\/?p=8875"},"modified":"2025-08-29T11:50:58","modified_gmt":"2025-08-29T11:50:58","slug":"banco-de-libros-25-26-recogida-de-los-libros","status":"publish","type":"post","link":"https:\/\/cpivaldelaatalaya.es\/?p=8875","title":{"rendered":"BANCO DE LIBROS 25-26- RECOGIDA DE LOS LIBROS"},"content":{"rendered":"\n<p><span style=\"font-weight: 400;\">Estimadas familias,<\/span><\/p>\n<p><b>El \u00f3rgano gestor<\/b><span style=\"font-weight: 400;\"> del Banco de Libros de nuestro centro nos ha comunicado que los d\u00edas de recogida del material para el alumnado adherido al BANCO DE LIBROS ser\u00e1n el <\/span><b>4 y 9 de septiembre.<\/b><span style=\"font-weight: 400;\">\u00a0<\/span><\/p>\n<p><span style=\"font-weight: 400;\">Somos conscientes que la fecha que nos han asignado este a\u00f1o para Primaria es ya iniciado el curso escolar, transmitiros calma ya que la primera semana es toma de contacto, y se tendr\u00e1 en cuenta que no todos los alumnos tendr\u00e1n los libros.\u00a0<\/span><\/p>\n<p><span style=\"font-weight: 400;\">Para evitar extensas colas y esperas innecesarias os pedimos que respet\u00e9is las franjas horarias establecidas.\u00a0<\/span><\/p>\n<p><span style=\"font-weight: 400;\">En cuanto a los hermanos de distintos cursos, pod\u00e9is recoger en el horario marcado para uno de ellos los libros de texto de los dos, independientemente de si son de Primaria o Secundaria.<\/span><\/p>\n<p><span style=\"font-weight: 400;\">En caso de que los padres o tutores legales no pod\u00e1is venir en los horarios establecidos, deber\u00e9is rellenar la autorizaci\u00f3n que aparece en el documento entregado por Tokapp, imprimirla y que la persona que venga a recoger el lote en vuestro lugar la presente en el centro (incluido el alumnado de Secundaria).<\/span><\/p>\n<p><span style=\"font-weight: 400;\">La recogida se realizar\u00e1 por la entrada de conserjer\u00eda, en la puerta de acceso exterior de la sala de usos m\u00faltiples. No hace falta entrar al edificio.\u00a0<\/span><\/p>\n<p><span style=\"font-weight: 400;\">Para cualquier duda pod\u00e9is consultar en <\/span><a href=\"mailto:secretaria@cpivaldelaatalaya.es\"><span style=\"font-weight: 400;\">secretaria@cpivaldelaatalaya.es<\/span><\/a><span style=\"font-weight: 400;\"> y en <\/span><a href=\"mailto:secretariaeso@cpivaldelaatalaya.es\"><span style=\"font-weight: 400;\">secretariaeso@cpivaldelaatalaya.es<\/span><\/a><span style=\"font-weight: 400;\">\u00a0<\/span><\/p>\n<p><span style=\"font-weight: 400;\">El horario ser\u00e1 el siguiente:<\/span><\/p>\n<table>\n<tbody>\n<tr>\n<td>\n<p><b>ALUMNADO DE SECUNDARIA<\/b><\/p>\n<\/td>\n<td>\n<p><b>ALUMNADO DE PRIMARIA<\/b><\/p>\n<\/td>\n<\/tr>\n<tr>\n<td>\n<p><b>D\u00eda 4 de septiembre<\/b><\/p>\n<\/td>\n<td>\n<p><b>D\u00eda 9 de septiembre<\/b><\/p>\n<\/td>\n<\/tr>\n<tr>\n<td>\n<p><span style=\"font-weight: 400;\">1\u00ba ESO: de 9:00 a 10:00<\/span><\/p>\n<p><span style=\"font-weight: 400;\">2\u00ba ESO: de 10:00 a 11:00<\/span><\/p>\n<p><span style=\"font-weight: 400;\">3\u00ba ESO: de 11:00 a 12:00<\/span><\/p>\n<p><span style=\"font-weight: 400;\">4\u00ba ESO: de 12:00 a 13:00<\/span><\/p>\n<\/td>\n<td>\n<p><span style=\"font-weight: 400;\">3\u00ba y 4\u00ba PRIMARIA: de 16:00 a 17:30<\/span><\/p>\n<p><span style=\"font-weight: 400;\">5\u00ba y 6\u00ba PRIMARIA: de 17:30 a 19:00<\/span><\/p>\n<br \/><br \/><\/td>\n<\/tr>\n<\/tbody>\n<\/table>\n<p><b>NOTA IMPORTANTE<\/b><\/p>\n<p><span style=\"font-weight: 400;\">Os pedimos que una vez se os entregue el lote de libros, lo revis\u00e9is y comprob\u00e9is que est\u00e1 todo correcto. Cualquier incidencia tendr\u00e9is que comunicarla mandando un correo a <\/span><a href=\"mailto:secretaria@cpivaldelaatalaya.es\"><span style=\"font-weight: 400;\">secretaria@cpivaldelaatalaya.es<\/span><\/a><span style=\"font-weight: 400;\"> (para Primaria) o\u00a0 a <\/span><a href=\"mailto:secretariaeso@cpivaldelaatalaya.es\"><span style=\"font-weight: 400;\">secretariaeso@cpivaldelaatalaya.es<\/span><\/a><span style=\"font-weight: 400;\"> (para Secundaria) <\/span><b>hasta el 15 de septiembre.\u00a0<\/b><\/p>\n<p><b>NO SE ADMITIR\u00c1N RECLAMACIONES DESPU\u00c9S DE ESTA FECHA.<\/b><\/p>\n<p><span style=\"font-weight: 400;\">Es importante tambi\u00e9n que conserv\u00e9is el resguardo que os entrega la librer\u00eda para que en junio sep\u00e1is qu\u00e9 libros conforman el lote a devolver.\u00a0<\/span><\/p>\n<p>Secretar\u00eda CPI Val de la Atalaya<\/p>\n<p>\u00a0<\/p>\n","protected":false},"excerpt":{"rendered":"<p>Estimadas familias, El \u00f3rgano gestor del Banco de Libros de nuestro centro nos ha comunicado que los d\u00edas de recogida del material para el alumnado adherido al BANCO DE LIBROS ser\u00e1n el 4 y 9 de septiembre.\u00a0 Somos conscientes que la fecha que nos han asignado este a\u00f1o para Primaria es ya iniciado el curso &hellip; <\/p>\n<p><a class=\"more-link btn\" href=\"https:\/\/cpivaldelaatalaya.es\/?p=8875\">Seguir leyendo<\/a><\/p>\n","protected":false},"author":2,"featured_media":0,"comment_status":"closed","ping_status":"closed","sticky":false,"template":"","format":"standard","meta":{"footnotes":""},"categories":[1],"tags":[],"class_list":["post-8875","post","type-post","status-publish","format-standard","hentry","category-sin-categoria","item-wrap"],"_links":{"self":[{"href":"https:\/\/cpivaldelaatalaya.es\/index.php?rest_route=\/wp\/v2\/posts\/8875","targetHints":{"allow":["GET"]}}],"collection":[{"href":"https:\/\/cpivaldelaatalaya.es\/index.php?rest_route=\/wp\/v2\/posts"}],"about":[{"href":"https:\/\/cpivaldelaatalaya.es\/index.php?rest_route=\/wp\/v2\/types\/post"}],"author":[{"embeddable":true,"href":"https:\/\/cpivaldelaatalaya.es\/index.php?rest_route=\/wp\/v2\/users\/2"}],"replies":[{"embeddable":true,"href":"https:\/\/cpivaldelaatalaya.es\/index.php?rest_route=%2Fwp%2Fv2%2Fcomments&post=8875"}],"version-history":[{"count":1,"href":"https:\/\/cpivaldelaatalaya.es\/index.php?rest_route=\/wp\/v2\/posts\/8875\/revisions"}],"predecessor-version":[{"id":8876,"href":"https:\/\/cpivaldelaatalaya.es\/index.php?rest_route=\/wp\/v2\/posts\/8875\/revisions\/8876"}],"wp:attachment":[{"href":"https:\/\/cpivaldelaatalaya.es\/index.php?rest_route=%2Fwp%2Fv2%2Fmedia&parent=8875"}],"wp:term":[{"taxonomy":"category","embeddable":true,"href":"https:\/\/cpivaldelaatalaya.es\/index.php?rest_route=%2Fwp%2Fv2%2Fcategories&post=8875"},{"taxonomy":"post_tag","embeddable":true,"href":"https:\/\/cpivaldelaatalaya.es\/index.php?rest_route=%2Fwp%2Fv2%2Ftags&post=8875"}],"curies":[{"name":"wp","href":"https:\/\/api.w.org\/{rel}","templated":true}]}}