{"id":8807,"date":"2025-06-20T10:59:39","date_gmt":"2025-06-20T10:59:39","guid":{"rendered":"https:\/\/cpivaldelaatalaya.es\/?p=8807"},"modified":"2025-06-20T10:59:41","modified_gmt":"2025-06-20T10:59:41","slug":"recordatorio-matriculacion-alumnos-de-2o-6oprimaria-y-eso","status":"publish","type":"post","link":"https:\/\/cpivaldelaatalaya.es\/?p=8807","title":{"rendered":"Recordatorio: MATRICULACION ALUMNOS DE 2\u00ba-6\u00baPRIMARIA Y ESO"},"content":{"rendered":"\n<p>DESDE LAS 9 H DEL <span style=\"color: #000000; background-color: #ffff00;\">LUNES 23 <\/span>A LAS 14 H DEL <span style=\"background-color: #ffff00;\">JUEVES 26 DE JUNIO<\/span>: \u00a0MATRICULACI\u00d3N DEL<span style=\"background-color: #ffff00;\"> NUEVO ALUMNADO<\/span> DE 2.\u00ba A 6.\u00ba DE EDUCACI\u00d3N PRIMARIA Y DE EDUCACI\u00d3N SECUNDARIA OBLIGATORIA (ESO)<\/p>\n\n\n\n<p>Los solicitantes adjudicatarios de una plaza deber\u00e1n formalizar su matr\u00edcula telem\u00e1ticamente.<\/p>\n\n\n\n<p>Os dejamos enlace a la pagina web de Educa.aragon .es :&nbsp;&nbsp;<a href=\"https:\/\/aplicaciones.aragon.es\/pcrcs\/conexion\">https:\/\/aplicaciones.aragon.es\/pcrcs\/conexion<\/a><\/p>\n\n\n\n<p>Tambi\u00e9n os dejamos la&nbsp;<a href=\"https:\/\/drive.google.com\/file\/d\/1STwagKErBy3xm6fujZb_i1Aqs4dwZMk_\/view?usp=sharing\">gu\u00eda para la matriculaci\u00f3n telem\u00e1tica<\/a><\/p>\n\n\n\n\n","protected":false},"excerpt":{"rendered":"<p>DESDE LAS 9 H DEL LUNES 23 A LAS 14 H DEL JUEVES 26 DE JUNIO: \u00a0MATRICULACI\u00d3N DEL NUEVO ALUMNADO DE 2.\u00ba A 6.\u00ba DE EDUCACI\u00d3N PRIMARIA Y DE EDUCACI\u00d3N SECUNDARIA OBLIGATORIA (ESO) Los solicitantes adjudicatarios de una plaza deber\u00e1n formalizar su matr\u00edcula telem\u00e1ticamente. Os dejamos enlace a la pagina web de Educa.aragon .es :&nbsp;&nbsp;https:\/\/aplicaciones.aragon.es\/pcrcs\/conexion &hellip; <\/p>\n<p><a class=\"more-link btn\" href=\"https:\/\/cpivaldelaatalaya.es\/?p=8807\">Seguir leyendo<\/a><\/p>\n","protected":false},"author":2,"featured_media":0,"comment_status":"closed","ping_status":"closed","sticky":false,"template":"","format":"standard","meta":{"footnotes":""},"categories":[1],"tags":[],"class_list":["post-8807","post","type-post","status-publish","format-standard","hentry","category-sin-categoria","item-wrap"],"_links":{"self":[{"href":"https:\/\/cpivaldelaatalaya.es\/index.php?rest_route=\/wp\/v2\/posts\/8807","targetHints":{"allow":["GET"]}}],"collection":[{"href":"https:\/\/cpivaldelaatalaya.es\/index.php?rest_route=\/wp\/v2\/posts"}],"about":[{"href":"https:\/\/cpivaldelaatalaya.es\/index.php?rest_route=\/wp\/v2\/types\/post"}],"author":[{"embeddable":true,"href":"https:\/\/cpivaldelaatalaya.es\/index.php?rest_route=\/wp\/v2\/users\/2"}],"replies":[{"embeddable":true,"href":"https:\/\/cpivaldelaatalaya.es\/index.php?rest_route=%2Fwp%2Fv2%2Fcomments&post=8807"}],"version-history":[{"count":1,"href":"https:\/\/cpivaldelaatalaya.es\/index.php?rest_route=\/wp\/v2\/posts\/8807\/revisions"}],"predecessor-version":[{"id":8808,"href":"https:\/\/cpivaldelaatalaya.es\/index.php?rest_route=\/wp\/v2\/posts\/8807\/revisions\/8808"}],"wp:attachment":[{"href":"https:\/\/cpivaldelaatalaya.es\/index.php?rest_route=%2Fwp%2Fv2%2Fmedia&parent=8807"}],"wp:term":[{"taxonomy":"category","embeddable":true,"href":"https:\/\/cpivaldelaatalaya.es\/index.php?rest_route=%2Fwp%2Fv2%2Fcategories&post=8807"},{"taxonomy":"post_tag","embeddable":true,"href":"https:\/\/cpivaldelaatalaya.es\/index.php?rest_route=%2Fwp%2Fv2%2Ftags&post=8807"}],"curies":[{"name":"wp","href":"https:\/\/api.w.org\/{rel}","templated":true}]}}