{"id":8804,"date":"2025-06-19T20:25:18","date_gmt":"2025-06-19T20:25:18","guid":{"rendered":"https:\/\/cpivaldelaatalaya.es\/?p=8804"},"modified":"2025-06-19T20:25:20","modified_gmt":"2025-06-19T20:25:20","slug":"calendario-y-procesos-de-matriculacion-en-eso-bachillerato-y-fp-curso-2025-2026","status":"publish","type":"post","link":"https:\/\/cpivaldelaatalaya.es\/?p=8804","title":{"rendered":"CALENDARIO Y PROCESOS DE MATRICULACI\u00d3N EN ESO, BACHILLERATO Y FP CURSO 2025-2026"},"content":{"rendered":"\n<p>Esta es la informaci\u00f3n necesaria en funci\u00f3n de las especificaciones siguientes:<\/p>\n<p><b>1) ALUMNADO QUE EN EL CURSO ACTUAL (24-25) EST\u00c1 MATRICULADO EN EL CPI VAL DE LA ATALAYA (INCLUIDOS LOS ALUMNOS DE 6\u00ba DE PRIMARIA)<\/b><\/p>\n<p><span style=\"font-weight: 400;\">Realizar\u00e1 la matr\u00edcula desde las <\/span><b>9 horas del lunes 23 de junio hasta las 14 horas del jueves 26 de junio, a trav\u00e9s de los formularios de Google<\/b><span style=\"font-weight: 400;\"> que se\u00a0 enviar\u00e1n por Tokapp.<\/span><\/p>\n<p><b>2)ALUMNADO QUE EN EL CURSO ACTUAL (24-25) PERTENEZCA A UN CENTRO DE ADSCRIPCI\u00d3N ( ALUMNOS DE 6\u00ba DEL CEIP SAN ROQUE)<\/b><\/p>\n<p><span style=\"font-weight: 400;\">El alumnado procedente del proceso de adscripci\u00f3n se matricular\u00e1 <\/span><b>desde las 9 horas del d\u00eda 23 de junio hasta las 14 horas del jueves 23 de junio, ambos incluidos<\/b><span style=\"font-weight: 400;\">. Para ello, ser\u00e1n necesarios las contrase\u00f1as ofrecidas por el CEIP San Roque\u00a0 que aparecen en el documento de reserva de plaza.<\/span><\/p>\n<p><span style=\"font-weight: 400;\">La matriculaci\u00f3n se realizar\u00e1 <\/span><b>de forma telem\u00e1tica con la aplicaci\u00f3n del departamento<\/b> <a href=\"https:\/\/aplicaciones.aragon.es\/pcrcs\"><span style=\"font-weight: 400;\">https:\/\/aplicaciones.aragon.es\/pcrcs<\/span><\/a><span style=\"font-weight: 400;\"> .\u00a0<\/span><\/p>\n<p><a href=\"https:\/\/educa.aragon.es\/documents\/20126\/5245496\/2025-04-22+Manual+de+Uso+de+Matr%C3%ADcula+Online_v5.0.pdf\/7c56cc74-e1be-aa8e-01ba-4d6c20f600ff?t=1745321919753\"><span style=\"font-weight: 400;\">Gu\u00eda para realizar la matr\u00edcula telem\u00e1ticamente<\/span><\/a><\/p>\n<p><span style=\"font-weight: 400;\">Si finalizado este plazo el solicitante no ha formalizado su matr\u00edcula perder\u00e1 el derecho a la plaza obtenida.\u00a0\u00a0<\/span><\/p>\n<p><b>3)ALUMNADO ADJUDICADO AL CENTRO EN EL PROCESO DE ESCOLARIZACI\u00d3N EN LAS ENSE\u00d1ANZAS DE ESO<\/b><\/p>\n<p><span style=\"font-weight: 400;\">Se matricular\u00e1 <\/span><b>desde las 9 horas del jueves d\u00eda 23 de junio hasta las 14h del jueves 26 de junio. Se realizar\u00e1 de forma telem\u00e1tica<\/b><span style=\"font-weight: 400;\"> con la aplicaci\u00f3n del departamento a trav\u00e9s de este enlace <\/span><a href=\"https:\/\/aplicaciones.aragon.es\/pcrcs\"><span style=\"font-weight: 400;\">https:\/\/aplicaciones.aragon.es\/pcrcs<\/span><\/a><span style=\"font-weight: 400;\"> .\u00a0<\/span><\/p>\n<p><span style=\"font-weight: 400;\">Si el alumno no realiza la matr\u00edcula en el plazo establecido, perder\u00e1 el derecho a la plaza obtenida.<\/span><\/p>\n<p><span style=\"font-weight: 400;\">\u00a0El centro comprobar\u00e1 que cumple con los requisitos acad\u00e9micos de acceso a la plaza solicitada, a trav\u00e9s del <\/span><b>certificado acad\u00e9mico oficial <\/b><span style=\"font-weight: 400;\">o documentaci\u00f3n equivalente, por lo que es necesario que pida esa documentaci\u00f3n en el centro de origen.<\/span><\/p>\n<p><a href=\"https:\/\/educa.aragon.es\/documents\/20126\/5245496\/2025-04-22+Manual+de+Uso+de+Matr%C3%ADcula+Online_v5.0.pdf\/7c56cc74-e1be-aa8e-01ba-4d6c20f600ff?t=1745321919753\"><span style=\"font-weight: 400;\">Gu\u00eda para realizar la matr\u00edcula telem\u00e1ticamente<\/span><\/a><\/p>\n<p><span style=\"font-weight: 400;\">Si finalizado este plazo el solicitante no ha formalizado su matr\u00edcula perder\u00e1 el derecho a la plaza obtenida.\u00a0 <\/span><\/p>\n<p><span style=\"font-weight: 400;\">Los solicitantes a los que no se les ha adjudicado plaza por no quedar vacantes en ninguno de los centros solicitados y pidieron mantener <\/span><b>la reserva de plaza escolar <\/b><span style=\"font-weight: 400;\">en el centro de origen,<\/span><b> la reserva\u00a0 se mantiene vigente si han formalizado la matr\u00edcula en el plazo indicado.\u00a0<\/b><\/p>\n<p><b>4)ALUMNADO ADMITIDO EN PERIODO DE FUERA DE PLAZO EN EL CPI VAL DE LA ATALAYA EN LA ETAPA DE SECUNDARIA<\/b><\/p>\n<p><span style=\"font-weight: 400;\">Realizar\u00e1 la matr\u00edcula desde las <\/span><b>9 horas del lunes 23 de junio hasta las 14 horas del jueves 26 de junio, a trav\u00e9s de los formularios de google<\/b><span style=\"font-weight: 400;\"> que se\u00a0 enviar\u00e1n al\u00a0 correo electr\u00f3nico facilitado en la solicitud.<\/span><\/p>\n<p><span style=\"font-weight: 400;\">Adem\u00e1s, deber\u00e1n traer un <\/span><b>certificado acad\u00e9mico oficial de su centro de origen <\/b><span style=\"font-weight: 400;\">que certifique que el alumno est\u00e1 en posibilidades de cursar el nivel indicado en su solicitud.<\/span><\/p>\n<p><b>5)ALUMNADO DEL CPI VAL DE LA ATALAYA QUE DESEE MATRICULARSE EN OTRO CENTRO EN LAS ENSE\u00d1ANZAS DE ESO<\/b><\/p>\n<p><b>Si han obtenido plaza en el proceso de admisi\u00f3n,<\/b><span style=\"font-weight: 400;\"> deben seguir las instrucciones arriba marcadas (alumnado adjudicado en el proceso de escolarizaci\u00f3n)<\/span><\/p>\n<p><span style=\"font-weight: 400;\">Pueden consultar igualmente la p\u00e1gina web del departamento de educaci\u00f3n\u00a0<\/span><\/p>\n<p><a href=\"https:\/\/educa.aragon.es\/-\/escolarizacioneiepeeyeso\"><span style=\"font-weight: 400;\">https:\/\/educa.aragon.es\/-\/escolarizacioneiepeeyeso<\/span><\/a><span style=\"font-weight: 400;\">\u00a0<\/span><\/p>\n<p><span style=\"font-weight: 400;\">Para poder matricularse\u00a0 en otro centro, se deber\u00e1 solicitar el <\/span><b>certificado acad\u00e9mico oficial<\/b><span style=\"font-weight: 400;\"> desde el viernes 20 de junio enviando un correo electr\u00f3nico a administracion@cpivaldelaatalaya.es. En el correo electr\u00f3nico deber\u00e1n aparecer los siguientes datos: nombre, apellidos y DNI de la persona solicitante, nombre y apellidos del alumno, y curso y grupo en el que ha estado matriculado en el curso 24-25.\u00a0<\/span><\/p>\n<p><b>Si no han obtenido plaza<\/b><span style=\"font-weight: 400;\">, consulten la p\u00e1gina web del departamento de educaci\u00f3n <\/span><a href=\"https:\/\/educa.aragon.es\/-\/escolarizacioneiepeeyeso\"><span style=\"font-weight: 400;\">https:\/\/educa.aragon.es\/-\/escolarizacioneiepeeyeso<\/span><\/a><span style=\"font-weight: 400;\">\u00a0<\/span><\/p>\n<p><b>Para mantener la reserva de plaza en el CPI Val de la Atalaya, ser\u00e1 necesario haber formalizado la matr\u00edcula en el plazo indicado.\u00a0<\/b><\/p>\n<p><b>6)ALUMNADO QUE DESEE MATRICULARSE EN BACHILLERATO EN EL CENTRO DE ADSCRIPCI\u00d3N:\u00a0<\/b><\/p>\n<p><span style=\"font-weight: 400;\">El alumnado que tenga reserva de plaza en el IES Virgen del Pilar o en el IES Miguel Servet, realizar\u00e1 la matr\u00edcula <\/span><b>desde las 9 horas del lunes 23 de junio hasta las 14 horas del jueves 26 de junio a trav\u00e9s de la p\u00e1gina web<\/b><span style=\"font-weight: 400;\">: <\/span><a href=\"https:\/\/aplicaciones.aragon.es\/pcrcs\"><span style=\"font-weight: 400;\">https:\/\/aplicaciones.aragon.es\/pcrcs<\/span><\/a><\/p>\n<p><span style=\"font-weight: 400;\">Para ello ser\u00e1 necesario el <\/span><b>c\u00f3digo PIN<\/b><span style=\"font-weight: 400;\"> que les facilitamos en el centro en el documento de reserva de plaza.<\/span><\/p>\n<p><span style=\"font-weight: 400;\">7) <\/span><b>ALUMNADO QUE DESEE CURSAR BACHILLERATO EN UN CENTRO DISTINTO AL DE ADSCRIPCI\u00d3N:<\/b><\/p>\n<p><span style=\"font-weight: 400;\">El alumnado que desee matricularse en un centro distinto al de la reserva de plaza, deber\u00e1 presentar su solicitud a trav\u00e9s de la p\u00e1gina web <\/span><a href=\"https:\/\/educa.aragon.es\/web\/guest\/-\/escolarizacionesoybach\"><span style=\"font-weight: 400;\">https:\/\/educa.aragon.es\/web\/guest\/-\/escolarizacionesoybach<\/span><\/a> <b>desde las 9 horas del 2 de julio a las 14 horas del 7 de julio de 2024<\/b><span style=\"font-weight: 400;\">. M\u00e1s informaci\u00f3n en la p\u00e1gina web indicada.<\/span><\/p>\n<p><span style=\"font-weight: 400;\">Previamente deber\u00e1 solicitar el<\/span><b> certificado acad\u00e9mico oficial <\/b><span style=\"font-weight: 400;\">\u00a0enviando un correo electr\u00f3nico a administracion@cpivaldelaatalaya.es. En el correo electr\u00f3nico deber\u00e1n aparecer los siguientes datos: nombre, apellidos y DNI de la persona solicitante, nombre y apellidos del alumno y curso y grupo en el que ha estado matriculado en el curso 24-25.\u00a0<\/span><\/p>\n<p><b>Para mantener la reserva de plaza en el centro de adscripci\u00f3n<\/b><span style=\"font-weight: 400;\">, en caso de no obtener plaza en ninguno de los centros solicitados,<\/span><b> es necesario haber formalizado la matr\u00edcula en el centro de adscripci\u00f3n en el plazo indicado <\/b><span style=\"font-weight: 400;\">(desde las 9 horas del 23 de junio hasta las 14 horas del jueves 26 de junio a trav\u00e9s de la p\u00e1gina web: <\/span><a href=\"https:\/\/aplicaciones.aragon.es\/pcrcs\"><span style=\"font-weight: 400;\">https:\/\/aplicaciones.aragon.es\/pcrcs<\/span><\/a><span style=\"font-weight: 400;\">). Para ello ser\u00e1 necesario el c\u00f3digo PIN que les facilitamos en el centro en el documento de reserva de plaza.\u00a0<\/span><\/p>\n<p><span style=\"font-weight: 400;\">\u00a08)<\/span><b>ALUMNADO QUE DESEE CURSAR UN GRADO B\u00c1SICO O MEDIO DE FORMACI\u00d3N PROFESIONAL:<\/b><span style=\"font-weight: 400;\">\u00a0<\/span><\/p>\n<p><span style=\"font-weight: 400;\">El alumnado que desee matricularse en un Ciclo Formativo de Grado Medio, deber\u00e1 realizar su<\/span><b> solicitud desde las 9 horas del 2 de julio hasta las 14 horas del 7 de julio, ambos inclusive.<\/b><\/p>\n<p><span style=\"font-weight: 400;\">Previamente deber\u00e1 solicitar el <\/span><b>certificado acad\u00e9mico oficial <\/b><span style=\"font-weight: 400;\">a partir del 20 de junio enviando un correo electr\u00f3nico a administracion@cpivaldelaatalaya.es. En el correo electr\u00f3nico deber\u00e1n aparecer los siguientes datos: nombre, apellidos y DNI de la persona solicitante, nombre y apellidos del alumno, y curso y grupo en el que ha estado matriculado en el curso 24-25.\u00a0<\/span><\/p>\n<p><span style=\"font-weight: 400;\">Compartimos el calendario de admisi\u00f3n para las ense\u00f1anzas de Formaci\u00f3n Profesional para aquellas familias de alumnado que quiera cursar FP de Grado Medio o FP B\u00e1sica el pr\u00f3ximo curso 2025-2026.<\/span><\/p>\n<p><a href=\"https:\/\/educa.aragon.es\/documents\/20126\/5319035\/Calendario+ORDEN+Admisi%C3%B3n+FP+25-26-22-23.pdf\/a7ef02a3-56aa-b30d-2eef-ad3e537d9fc3?t=1749804110939\"><span style=\"font-weight: 400;\">Calendario proceso escolarizaci\u00f3n Formaci\u00f3n profesional b\u00e1sica y grado medio<\/span><\/a><\/p>\n<p><span style=\"font-weight: 400;\">Compartimos tambi\u00e9n el enlace a la p\u00e1gina web del Departamento de Educaci\u00f3n en el que encontrar\u00e9is toda la informaci\u00f3n sobre el proceso de admisi\u00f3n y matriculaci\u00f3n en Formaci\u00f3n Profesional.<\/span><\/p>\n<p><a href=\"https:\/\/educa.aragon.es\/-\/admisionfp\"><span style=\"font-weight: 400;\">Proceso escolarizaci\u00f3n Formaci\u00f3n profesional<\/span><\/a><\/p>\n\n\n","protected":false},"excerpt":{"rendered":"<p>Esta es la informaci\u00f3n necesaria en funci\u00f3n de las especificaciones siguientes: 1) ALUMNADO QUE EN EL CURSO ACTUAL (24-25) EST\u00c1 MATRICULADO EN EL CPI VAL DE LA ATALAYA (INCLUIDOS LOS ALUMNOS DE 6\u00ba DE PRIMARIA) Realizar\u00e1 la matr\u00edcula desde las 9 horas del lunes 23 de junio hasta las 14 horas del jueves 26 de &hellip; <\/p>\n<p><a class=\"more-link btn\" href=\"https:\/\/cpivaldelaatalaya.es\/?p=8804\">Seguir leyendo<\/a><\/p>\n","protected":false},"author":2,"featured_media":0,"comment_status":"closed","ping_status":"closed","sticky":false,"template":"","format":"standard","meta":{"footnotes":""},"categories":[1],"tags":[],"class_list":["post-8804","post","type-post","status-publish","format-standard","hentry","category-sin-categoria","item-wrap"],"_links":{"self":[{"href":"https:\/\/cpivaldelaatalaya.es\/index.php?rest_route=\/wp\/v2\/posts\/8804","targetHints":{"allow":["GET"]}}],"collection":[{"href":"https:\/\/cpivaldelaatalaya.es\/index.php?rest_route=\/wp\/v2\/posts"}],"about":[{"href":"https:\/\/cpivaldelaatalaya.es\/index.php?rest_route=\/wp\/v2\/types\/post"}],"author":[{"embeddable":true,"href":"https:\/\/cpivaldelaatalaya.es\/index.php?rest_route=\/wp\/v2\/users\/2"}],"replies":[{"embeddable":true,"href":"https:\/\/cpivaldelaatalaya.es\/index.php?rest_route=%2Fwp%2Fv2%2Fcomments&post=8804"}],"version-history":[{"count":2,"href":"https:\/\/cpivaldelaatalaya.es\/index.php?rest_route=\/wp\/v2\/posts\/8804\/revisions"}],"predecessor-version":[{"id":8814,"href":"https:\/\/cpivaldelaatalaya.es\/index.php?rest_route=\/wp\/v2\/posts\/8804\/revisions\/8814"}],"wp:attachment":[{"href":"https:\/\/cpivaldelaatalaya.es\/index.php?rest_route=%2Fwp%2Fv2%2Fmedia&parent=8804"}],"wp:term":[{"taxonomy":"category","embeddable":true,"href":"https:\/\/cpivaldelaatalaya.es\/index.php?rest_route=%2Fwp%2Fv2%2Fcategories&post=8804"},{"taxonomy":"post_tag","embeddable":true,"href":"https:\/\/cpivaldelaatalaya.es\/index.php?rest_route=%2Fwp%2Fv2%2Ftags&post=8804"}],"curies":[{"name":"wp","href":"https:\/\/api.w.org\/{rel}","templated":true}]}}