{"id":8788,"date":"2025-06-12T10:30:02","date_gmt":"2025-06-12T10:30:02","guid":{"rendered":"https:\/\/cpivaldelaatalaya.es\/?p=8788"},"modified":"2025-06-12T10:30:03","modified_gmt":"2025-06-12T10:30:03","slug":"proceso-de-admision-y-matriculacion-en-el-grado-medio-de-formacion-profesional","status":"publish","type":"post","link":"https:\/\/cpivaldelaatalaya.es\/?p=8788","title":{"rendered":"Proceso de admisi\u00f3n y matriculaci\u00f3n en el Grado Medio de Formaci\u00f3n Profesional.\u00a0"},"content":{"rendered":"\n<div>Estimadas familias,<\/div>\n<div>\u00a0<\/div>\n<div>Compartimos con vosotros esta informaci\u00f3n de inter\u00e9s para el alumnado de 4\u00ba ESO, ya que se refiere al proceso de admisi\u00f3n y matriculaci\u00f3n en el Grado Medio de Formaci\u00f3n Profesional.\u00a0<\/div>\n<div>\u00a0<\/div>\n<ul>\n<li><a href=\"https:\/\/drive.google.com\/file\/d\/1eHKqotdIQZ7TtIV8Y2Pq1094FeFZK1bf\/view?usp=sharing\">FECHAS DE ACCESO<\/a><\/li>\n<\/ul>\n<div>\u00a0<\/div>\n<ul>\n<li><a href=\"https:\/\/drive.google.com\/file\/d\/1u8R4itbL23EomAfrDQmwCNKblVGdzdKd\/view?usp=sharing\">FP GRADO D<\/a><\/li>\n<\/ul>\n<div>\u00a0<\/div>\n<div>Compartimos un canva con la informaci\u00f3n m\u00e1s relevante, la convocatoria y el calendario de admisi\u00f3n y matriculaci\u00f3n.\u00a0<\/div>\n<div>\u00a0<\/div>\n<ul>\n<li><a href=\"https:\/\/drive.google.com\/file\/d\/1E2zKevPPuff5x3vdH1R_FMLb-gY6ySse\/view?usp=sharing\">PRESENTACI\u00d3N EN CANVA<\/a><\/li>\n<\/ul>\n<div>\u00a0<\/div>\n<div>\u00a0<\/div>\n<div>\u00a0<\/div>\n<div>Un saludo.\u00a0<\/div>\n<div>\u00a0<\/div>\n<div>Equipo de Orientaci\u00f3n CPI Val de la Atalaya<\/div>\n","protected":false},"excerpt":{"rendered":"<p>Estimadas familias, \u00a0 Compartimos con vosotros esta informaci\u00f3n de inter\u00e9s para el alumnado de 4\u00ba ESO, ya que se refiere al proceso de admisi\u00f3n y matriculaci\u00f3n en el Grado Medio de Formaci\u00f3n Profesional.\u00a0 \u00a0 FECHAS DE ACCESO \u00a0 FP GRADO D \u00a0 Compartimos un canva con la informaci\u00f3n m\u00e1s relevante, la convocatoria y el calendario &hellip; <\/p>\n<p><a class=\"more-link btn\" href=\"https:\/\/cpivaldelaatalaya.es\/?p=8788\">Seguir leyendo<\/a><\/p>\n","protected":false},"author":2,"featured_media":0,"comment_status":"closed","ping_status":"closed","sticky":false,"template":"","format":"standard","meta":{"footnotes":""},"categories":[36,1],"tags":[],"class_list":["post-8788","post","type-post","status-publish","format-standard","hentry","category-orientacion","category-sin-categoria","item-wrap"],"_links":{"self":[{"href":"https:\/\/cpivaldelaatalaya.es\/index.php?rest_route=\/wp\/v2\/posts\/8788","targetHints":{"allow":["GET"]}}],"collection":[{"href":"https:\/\/cpivaldelaatalaya.es\/index.php?rest_route=\/wp\/v2\/posts"}],"about":[{"href":"https:\/\/cpivaldelaatalaya.es\/index.php?rest_route=\/wp\/v2\/types\/post"}],"author":[{"embeddable":true,"href":"https:\/\/cpivaldelaatalaya.es\/index.php?rest_route=\/wp\/v2\/users\/2"}],"replies":[{"embeddable":true,"href":"https:\/\/cpivaldelaatalaya.es\/index.php?rest_route=%2Fwp%2Fv2%2Fcomments&post=8788"}],"version-history":[{"count":4,"href":"https:\/\/cpivaldelaatalaya.es\/index.php?rest_route=\/wp\/v2\/posts\/8788\/revisions"}],"predecessor-version":[{"id":8803,"href":"https:\/\/cpivaldelaatalaya.es\/index.php?rest_route=\/wp\/v2\/posts\/8788\/revisions\/8803"}],"wp:attachment":[{"href":"https:\/\/cpivaldelaatalaya.es\/index.php?rest_route=%2Fwp%2Fv2%2Fmedia&parent=8788"}],"wp:term":[{"taxonomy":"category","embeddable":true,"href":"https:\/\/cpivaldelaatalaya.es\/index.php?rest_route=%2Fwp%2Fv2%2Fcategories&post=8788"},{"taxonomy":"post_tag","embeddable":true,"href":"https:\/\/cpivaldelaatalaya.es\/index.php?rest_route=%2Fwp%2Fv2%2Ftags&post=8788"}],"curies":[{"name":"wp","href":"https:\/\/api.w.org\/{rel}","templated":true}]}}