{"id":7164,"date":"2023-05-10T12:03:03","date_gmt":"2023-05-10T12:03:03","guid":{"rendered":"https:\/\/cpivaldelaatalaya.es\/?p=7164"},"modified":"2023-05-10T12:03:04","modified_gmt":"2023-05-10T12:03:04","slug":"prematricula-eso-curso-2023-2024","status":"publish","type":"post","link":"https:\/\/cpivaldelaatalaya.es\/?p=7164","title":{"rendered":"PREMATR\u00cdCULA ESO CURSO 2023-2024"},"content":{"rendered":"\n<p><span style=\"font-weight: 400;\">El <\/span><b>plazo para realizar la prematr\u00edcula para el curso 2023-2024 es desde el mi\u00e9rcoles 10 hasta el domingo 14<\/b> <b>de mayo<\/b><span style=\"font-weight: 400;\">. La prematr\u00edcula es exclusiva para el alumnado matriculado en nuestro centro y el procedente de 6\u00ba Primaria del CEIP San Roque. La realizaci\u00f3n de la misma es <\/span><b>obligatoria y vinculante<\/b><span style=\"font-weight: 400;\">.\u00a0<\/span><\/p>\n<p><span style=\"font-weight: 400;\">Enlaces a los formularios de las prematr\u00edculas:\u00a0<\/span><\/p>\n<p><span style=\"font-weight: 400;\">1\u00baESO: <\/span><a href=\"https:\/\/forms.gle\/FVStWNT2EFm82m826\"><span style=\"font-weight: 400;\">https:\/\/forms.gle\/FVStWNT2EFm82m826<\/span><\/a><\/p>\n<p><span style=\"font-weight: 400;\">2\u00baESO: <\/span><a href=\"https:\/\/forms.gle\/dE2dQpwEn5f4kw1S7\"><span style=\"font-weight: 400;\">https:\/\/forms.gle\/dE2dQpwEn5f4kw1S7<\/span><\/a><\/p>\n<p><span style=\"font-weight: 400;\">3\u00baESO: <\/span><a href=\"https:\/\/forms.gle\/6Q6KbXyoBCyrYt2B6\"><span style=\"font-weight: 400;\">https:\/\/forms.gle\/6Q6KbXyoBCyrYt2B6<\/span><\/a><\/p>\n<p><span style=\"font-weight: 400;\">4\u00baESO: <\/span><a href=\"https:\/\/forms.gle\/uiHgZLrEns37CTbF7\"><span style=\"font-weight: 400;\">https:\/\/forms.gle\/uiHgZLrEns37CTbF7<\/span><\/a><\/p>\n<p><span style=\"font-weight: 400;\">En el siguiente enlace encontrar\u00e1n una presentaci\u00f3n con la oferta educativa de secundaria en nuestro centro, donde podr\u00e1n ver todas las asignaturas que se pueden hacer cada curso, informaci\u00f3n sobre el itinerario biling\u00fce y un apartado con preguntas frecuentes.\u00a0<\/span><\/p>\n<p><a href=\"https:\/\/view.genial.ly\/5eb4f8dc4dae8c0da995f5ac\/presentation-oferta-educativa-eso-cpi-val-de-la-atalaya\"><span style=\"font-weight: 400;\">Oferta Educativa ESO CPI Val de la Atalaya<\/span><\/a><\/p>\n","protected":false},"excerpt":{"rendered":"<p>El plazo para realizar la prematr\u00edcula para el curso 2023-2024 es desde el mi\u00e9rcoles 10 hasta el domingo 14 de mayo. La prematr\u00edcula es exclusiva para el alumnado matriculado en nuestro centro y el procedente de 6\u00ba Primaria del CEIP San Roque. La realizaci\u00f3n de la misma es obligatoria y vinculante.\u00a0 Enlaces a los formularios &hellip; <\/p>\n<p><a class=\"more-link btn\" href=\"https:\/\/cpivaldelaatalaya.es\/?p=7164\">Seguir leyendo<\/a><\/p>\n","protected":false},"author":12,"featured_media":0,"comment_status":"closed","ping_status":"closed","sticky":false,"template":"","format":"standard","meta":{"footnotes":""},"categories":[28],"tags":[],"class_list":["post-7164","post","type-post","status-publish","format-standard","hentry","category-secundaria","item-wrap"],"_links":{"self":[{"href":"https:\/\/cpivaldelaatalaya.es\/index.php?rest_route=\/wp\/v2\/posts\/7164","targetHints":{"allow":["GET"]}}],"collection":[{"href":"https:\/\/cpivaldelaatalaya.es\/index.php?rest_route=\/wp\/v2\/posts"}],"about":[{"href":"https:\/\/cpivaldelaatalaya.es\/index.php?rest_route=\/wp\/v2\/types\/post"}],"author":[{"embeddable":true,"href":"https:\/\/cpivaldelaatalaya.es\/index.php?rest_route=\/wp\/v2\/users\/12"}],"replies":[{"embeddable":true,"href":"https:\/\/cpivaldelaatalaya.es\/index.php?rest_route=%2Fwp%2Fv2%2Fcomments&post=7164"}],"version-history":[{"count":1,"href":"https:\/\/cpivaldelaatalaya.es\/index.php?rest_route=\/wp\/v2\/posts\/7164\/revisions"}],"predecessor-version":[{"id":7165,"href":"https:\/\/cpivaldelaatalaya.es\/index.php?rest_route=\/wp\/v2\/posts\/7164\/revisions\/7165"}],"wp:attachment":[{"href":"https:\/\/cpivaldelaatalaya.es\/index.php?rest_route=%2Fwp%2Fv2%2Fmedia&parent=7164"}],"wp:term":[{"taxonomy":"category","embeddable":true,"href":"https:\/\/cpivaldelaatalaya.es\/index.php?rest_route=%2Fwp%2Fv2%2Fcategories&post=7164"},{"taxonomy":"post_tag","embeddable":true,"href":"https:\/\/cpivaldelaatalaya.es\/index.php?rest_route=%2Fwp%2Fv2%2Ftags&post=7164"}],"curies":[{"name":"wp","href":"https:\/\/api.w.org\/{rel}","templated":true}]}}