{"id":6847,"date":"2023-01-26T07:52:06","date_gmt":"2023-01-26T07:52:06","guid":{"rendered":"http:\/\/cpivaldelaatalaya.es\/?p=6847"},"modified":"2023-01-26T07:52:41","modified_gmt":"2023-01-26T07:52:41","slug":"programa-desarrollo-de-capacidades","status":"publish","type":"post","link":"https:\/\/cpivaldelaatalaya.es\/?p=6847","title":{"rendered":"PROGRAMA DESARROLLO DE CAPACIDADES"},"content":{"rendered":"\n<p>En Secundaria el programa Desarrollo de Capacidades se est\u00e1 llevando a cabo con alumnado con altas capacidades y alumnado con alto rendimiento acad\u00e9mico. Durante una hora a la semana, trabajan de manera cooperativa redactando peque\u00f1os art\u00edculos relacionados con la vida en el centro y las actividades que en \u00e9l se llevan a cabo. Todos esos contenidos est\u00e1n disponibles en el blog <a href=\"https:\/\/pdcvaldelaatalaya.blogspot.com\/\">Programa de Desarrollo de Capacidades<\/a>.\u00a0<\/p>\n<p><blockquote class=\"wp-embedded-content\" data-secret=\"WZgJVlteEh\"><a href=\"https:\/\/cpivaldelaatalaya.es\/?page_id=5278\">Desarrollo de Capacidades<\/a><\/blockquote><iframe loading=\"lazy\" class=\"wp-embedded-content\" sandbox=\"allow-scripts\" security=\"restricted\" style=\"position: absolute; clip: rect(1px, 1px, 1px, 1px);\" title=\"\u00abDesarrollo de Capacidades\u00bb \u2014 CPI VAL DE LA ATALAYA\" src=\"https:\/\/cpivaldelaatalaya.es\/?page_id=5278&#038;embed=true#?secret=WZgJVlteEh\" data-secret=\"WZgJVlteEh\" width=\"600\" height=\"338\" frameborder=\"0\" marginwidth=\"0\" marginheight=\"0\" scrolling=\"no\"><\/iframe><\/p>\n","protected":false},"excerpt":{"rendered":"<p>En Secundaria el programa Desarrollo de Capacidades se est\u00e1 llevando a cabo con alumnado con altas capacidades y alumnado con alto rendimiento acad\u00e9mico. Durante una hora a la semana, trabajan de manera cooperativa redactando peque\u00f1os art\u00edculos relacionados con la vida en el centro y las actividades que en \u00e9l se llevan a cabo. Todos esos &hellip; <\/p>\n<p><a class=\"more-link btn\" href=\"https:\/\/cpivaldelaatalaya.es\/?p=6847\">Seguir leyendo<\/a><\/p>\n","protected":false},"author":12,"featured_media":0,"comment_status":"closed","ping_status":"closed","sticky":false,"template":"","format":"standard","meta":{"footnotes":""},"categories":[28],"tags":[],"class_list":["post-6847","post","type-post","status-publish","format-standard","hentry","category-secundaria","item-wrap"],"_links":{"self":[{"href":"https:\/\/cpivaldelaatalaya.es\/index.php?rest_route=\/wp\/v2\/posts\/6847","targetHints":{"allow":["GET"]}}],"collection":[{"href":"https:\/\/cpivaldelaatalaya.es\/index.php?rest_route=\/wp\/v2\/posts"}],"about":[{"href":"https:\/\/cpivaldelaatalaya.es\/index.php?rest_route=\/wp\/v2\/types\/post"}],"author":[{"embeddable":true,"href":"https:\/\/cpivaldelaatalaya.es\/index.php?rest_route=\/wp\/v2\/users\/12"}],"replies":[{"embeddable":true,"href":"https:\/\/cpivaldelaatalaya.es\/index.php?rest_route=%2Fwp%2Fv2%2Fcomments&post=6847"}],"version-history":[{"count":1,"href":"https:\/\/cpivaldelaatalaya.es\/index.php?rest_route=\/wp\/v2\/posts\/6847\/revisions"}],"predecessor-version":[{"id":6848,"href":"https:\/\/cpivaldelaatalaya.es\/index.php?rest_route=\/wp\/v2\/posts\/6847\/revisions\/6848"}],"wp:attachment":[{"href":"https:\/\/cpivaldelaatalaya.es\/index.php?rest_route=%2Fwp%2Fv2%2Fmedia&parent=6847"}],"wp:term":[{"taxonomy":"category","embeddable":true,"href":"https:\/\/cpivaldelaatalaya.es\/index.php?rest_route=%2Fwp%2Fv2%2Fcategories&post=6847"},{"taxonomy":"post_tag","embeddable":true,"href":"https:\/\/cpivaldelaatalaya.es\/index.php?rest_route=%2Fwp%2Fv2%2Ftags&post=6847"}],"curies":[{"name":"wp","href":"https:\/\/api.w.org\/{rel}","templated":true}]}}