{"id":6489,"date":"2022-06-21T10:03:42","date_gmt":"2022-06-21T10:03:42","guid":{"rendered":"https:\/\/cpivaldelaatalaya.es\/?p=6489"},"modified":"2022-06-21T10:03:42","modified_gmt":"2022-06-21T10:03:42","slug":"proceso-de-admision-3","status":"publish","type":"post","link":"https:\/\/cpivaldelaatalaya.es\/?p=6489","title":{"rendered":"Proceso de admisi\u00f3n"},"content":{"rendered":"\n<p><b>PROCESO DE ADMISI\u00d3N<\/b><\/p>\n<ul>\n<li style=\"font-weight: 400;\" aria-level=\"1\"><span style=\"font-weight: 400;\">Para alumnado que desee solicitar plaza en un centro distinto al suyo o al que est\u00e9 adscrito para todas las ense\u00f1anzas: secundaria, bachillerato y ciclos formativos.\u00a0<\/span><\/li>\n<li style=\"font-weight: 400;\" aria-level=\"1\"><span style=\"font-weight: 400;\">Presentaci\u00f3n de solicitudes del 24 al 29 de junio, ambos incluidos a trav\u00e9s de la p\u00e1gina web de educaci\u00f3n: <\/span><a href=\"https:\/\/educa.aragon.es\/en\/admision\"><span style=\"font-weight: 400;\">https:\/\/educa.aragon.es\/en\/admision<\/span><\/a><span style=\"font-weight: 400;\"> .<\/span><\/li>\n<li style=\"font-weight: 400;\" aria-level=\"1\"><span style=\"font-weight: 400;\">Necesario solicitar en el centro en el que ha estado matriculado en el curso 2021-2022 el certificado acad\u00e9mico oficial. <\/span><\/li>\n<\/ul>\n","protected":false},"excerpt":{"rendered":"<p>PROCESO DE ADMISI\u00d3N Para alumnado que desee solicitar plaza en un centro distinto al suyo o al que est\u00e9 adscrito para todas las ense\u00f1anzas: secundaria, bachillerato y ciclos formativos.\u00a0 Presentaci\u00f3n de solicitudes del 24 al 29 de junio, ambos incluidos a trav\u00e9s de la p\u00e1gina web de educaci\u00f3n: https:\/\/educa.aragon.es\/en\/admision . Necesario solicitar en el centro &hellip; <\/p>\n<p><a class=\"more-link btn\" href=\"https:\/\/cpivaldelaatalaya.es\/?p=6489\">Seguir leyendo<\/a><\/p>\n","protected":false},"author":12,"featured_media":0,"comment_status":"closed","ping_status":"closed","sticky":false,"template":"","format":"standard","meta":{"footnotes":""},"categories":[28],"tags":[],"class_list":["post-6489","post","type-post","status-publish","format-standard","hentry","category-secundaria","item-wrap"],"_links":{"self":[{"href":"https:\/\/cpivaldelaatalaya.es\/index.php?rest_route=\/wp\/v2\/posts\/6489","targetHints":{"allow":["GET"]}}],"collection":[{"href":"https:\/\/cpivaldelaatalaya.es\/index.php?rest_route=\/wp\/v2\/posts"}],"about":[{"href":"https:\/\/cpivaldelaatalaya.es\/index.php?rest_route=\/wp\/v2\/types\/post"}],"author":[{"embeddable":true,"href":"https:\/\/cpivaldelaatalaya.es\/index.php?rest_route=\/wp\/v2\/users\/12"}],"replies":[{"embeddable":true,"href":"https:\/\/cpivaldelaatalaya.es\/index.php?rest_route=%2Fwp%2Fv2%2Fcomments&post=6489"}],"version-history":[{"count":1,"href":"https:\/\/cpivaldelaatalaya.es\/index.php?rest_route=\/wp\/v2\/posts\/6489\/revisions"}],"predecessor-version":[{"id":6490,"href":"https:\/\/cpivaldelaatalaya.es\/index.php?rest_route=\/wp\/v2\/posts\/6489\/revisions\/6490"}],"wp:attachment":[{"href":"https:\/\/cpivaldelaatalaya.es\/index.php?rest_route=%2Fwp%2Fv2%2Fmedia&parent=6489"}],"wp:term":[{"taxonomy":"category","embeddable":true,"href":"https:\/\/cpivaldelaatalaya.es\/index.php?rest_route=%2Fwp%2Fv2%2Fcategories&post=6489"},{"taxonomy":"post_tag","embeddable":true,"href":"https:\/\/cpivaldelaatalaya.es\/index.php?rest_route=%2Fwp%2Fv2%2Ftags&post=6489"}],"curies":[{"name":"wp","href":"https:\/\/api.w.org\/{rel}","templated":true}]}}