{"id":6310,"date":"2022-04-01T10:28:41","date_gmt":"2022-04-01T10:28:41","guid":{"rendered":"http:\/\/cpivaldelaatalaya.es\/?p=6310"},"modified":"2022-04-01T13:35:36","modified_gmt":"2022-04-01T13:35:36","slug":"actividades-2o-trimestre-eso","status":"publish","type":"post","link":"https:\/\/cpivaldelaatalaya.es\/?p=6310","title":{"rendered":"Actividades 2\u00ba trimestre ESO"},"content":{"rendered":"\n<p>Terminamos el 2\u00ba trimestre recordando todas las actividades complementarias que se han llevado a cabo en la etapa de secundaria. Han disfrutado de distintas actuaciones teatrales: <em>La Ratonera<\/em>, <em>Shakespeare in Chicago y<\/em> <em>Un salto de gigante<\/em>. Tambi\u00e9n han visitado en CaixaForum exposiciones sobre sonido y ac\u00fastica, impresi\u00f3n 3D y reacciones qu\u00edmicas.\u00a0 Adem\u00e1s, los alumnos de 4\u00ba han recibido charlas sobre Bachillerato y FP para ayudarles a tomar una decisi\u00f3n de cara al curso que viene. Merecen una especial menci\u00f3n nuestros alumnos de 4\u00ba que participaron el pasado 25 de febrero en la Olimpiada Filos\u00f3fica que se celebr\u00f3 en la Universidad de Zaragoza.<\/p>\n<p><a href=\"https:\/\/cpivaldelaatalaya.es\/wp-content\/uploads\/2022\/04\/IMG_20220211_101905-scaled.jpg\"><img loading=\"lazy\" decoding=\"async\" class=\"alignnone  wp-image-6313\" src=\"https:\/\/cpivaldelaatalaya.es\/wp-content\/uploads\/2022\/04\/IMG_20220211_101905-300x176.jpg\" alt=\"\" width=\"345\" height=\"202\" srcset=\"https:\/\/cpivaldelaatalaya.es\/wp-content\/uploads\/2022\/04\/IMG_20220211_101905-300x176.jpg 300w, https:\/\/cpivaldelaatalaya.es\/wp-content\/uploads\/2022\/04\/IMG_20220211_101905-1024x599.jpg 1024w, https:\/\/cpivaldelaatalaya.es\/wp-content\/uploads\/2022\/04\/IMG_20220211_101905-768x449.jpg 768w, https:\/\/cpivaldelaatalaya.es\/wp-content\/uploads\/2022\/04\/IMG_20220211_101905-1536x899.jpg 1536w, https:\/\/cpivaldelaatalaya.es\/wp-content\/uploads\/2022\/04\/IMG_20220211_101905-2048x1198.jpg 2048w, https:\/\/cpivaldelaatalaya.es\/wp-content\/uploads\/2022\/04\/IMG_20220211_101905-750x439.jpg 750w\" sizes=\"auto, (max-width: 345px) 100vw, 345px\" \/><\/a> <a href=\"https:\/\/cpivaldelaatalaya.es\/wp-content\/uploads\/2022\/04\/IMG-20220225-WA0015_4.jpg\"><img loading=\"lazy\" decoding=\"async\" class=\"wp-image-6314 alignright\" src=\"https:\/\/cpivaldelaatalaya.es\/wp-content\/uploads\/2022\/04\/IMG-20220225-WA0015_4-300x232.jpg\" alt=\"\" width=\"319\" height=\"247\" srcset=\"https:\/\/cpivaldelaatalaya.es\/wp-content\/uploads\/2022\/04\/IMG-20220225-WA0015_4-300x232.jpg 300w, https:\/\/cpivaldelaatalaya.es\/wp-content\/uploads\/2022\/04\/IMG-20220225-WA0015_4-1024x794.jpg 1024w, https:\/\/cpivaldelaatalaya.es\/wp-content\/uploads\/2022\/04\/IMG-20220225-WA0015_4-768x595.jpg 768w, https:\/\/cpivaldelaatalaya.es\/wp-content\/uploads\/2022\/04\/IMG-20220225-WA0015_4-750x581.jpg 750w, https:\/\/cpivaldelaatalaya.es\/wp-content\/uploads\/2022\/04\/IMG-20220225-WA0015_4.jpg 1475w\" sizes=\"auto, (max-width: 319px) 100vw, 319px\" \/><\/a><\/p>\n","protected":false},"excerpt":{"rendered":"<p>Terminamos el 2\u00ba trimestre recordando todas las actividades complementarias que se han llevado a cabo en la etapa de secundaria. Han disfrutado de distintas actuaciones teatrales: La Ratonera, Shakespeare in Chicago y Un salto de gigante. Tambi\u00e9n han visitado en CaixaForum exposiciones sobre sonido y ac\u00fastica, impresi\u00f3n 3D y reacciones qu\u00edmicas.\u00a0 Adem\u00e1s, los alumnos de &hellip; <\/p>\n<p><a class=\"more-link btn\" href=\"https:\/\/cpivaldelaatalaya.es\/?p=6310\">Seguir leyendo<\/a><\/p>\n","protected":false},"author":12,"featured_media":0,"comment_status":"closed","ping_status":"closed","sticky":false,"template":"","format":"standard","meta":{"footnotes":""},"categories":[28],"tags":[],"class_list":["post-6310","post","type-post","status-publish","format-standard","hentry","category-secundaria","item-wrap"],"_links":{"self":[{"href":"https:\/\/cpivaldelaatalaya.es\/index.php?rest_route=\/wp\/v2\/posts\/6310","targetHints":{"allow":["GET"]}}],"collection":[{"href":"https:\/\/cpivaldelaatalaya.es\/index.php?rest_route=\/wp\/v2\/posts"}],"about":[{"href":"https:\/\/cpivaldelaatalaya.es\/index.php?rest_route=\/wp\/v2\/types\/post"}],"author":[{"embeddable":true,"href":"https:\/\/cpivaldelaatalaya.es\/index.php?rest_route=\/wp\/v2\/users\/12"}],"replies":[{"embeddable":true,"href":"https:\/\/cpivaldelaatalaya.es\/index.php?rest_route=%2Fwp%2Fv2%2Fcomments&post=6310"}],"version-history":[{"count":3,"href":"https:\/\/cpivaldelaatalaya.es\/index.php?rest_route=\/wp\/v2\/posts\/6310\/revisions"}],"predecessor-version":[{"id":6317,"href":"https:\/\/cpivaldelaatalaya.es\/index.php?rest_route=\/wp\/v2\/posts\/6310\/revisions\/6317"}],"wp:attachment":[{"href":"https:\/\/cpivaldelaatalaya.es\/index.php?rest_route=%2Fwp%2Fv2%2Fmedia&parent=6310"}],"wp:term":[{"taxonomy":"category","embeddable":true,"href":"https:\/\/cpivaldelaatalaya.es\/index.php?rest_route=%2Fwp%2Fv2%2Fcategories&post=6310"},{"taxonomy":"post_tag","embeddable":true,"href":"https:\/\/cpivaldelaatalaya.es\/index.php?rest_route=%2Fwp%2Fv2%2Ftags&post=6310"}],"curies":[{"name":"wp","href":"https:\/\/api.w.org\/{rel}","templated":true}]}}