{"id":6039,"date":"2021-11-09T08:06:40","date_gmt":"2021-11-09T08:06:40","guid":{"rendered":"https:\/\/cpivaldelaatalaya.es\/?p=6039"},"modified":"2021-11-09T08:06:41","modified_gmt":"2021-11-09T08:06:41","slug":"concurso-epitafios-3o-y-4o-eso","status":"publish","type":"post","link":"https:\/\/cpivaldelaatalaya.es\/?p=6039","title":{"rendered":"Concurso epitafios 3\u00ba y 4\u00ba ESO"},"content":{"rendered":"\n<p><span style=\"font-weight: 400;\">Hace unos d\u00edas se celebr\u00f3 la noche de difuntos, tan arraigada en nuestras tierras aragonesas. Mientras los ni\u00f1os de infantil y primaria han disfrutado de la parte m\u00e1s l\u00fadica con sus disfraces terror\u00edficos, en la etapa de Secundaria del CPI Val de la Atalaya hemos recordado esta festividad trabajando en clase el epitafio como g\u00e9nero literario. Con humor, con respeto, con cari\u00f1o, con ingenio\u2026 cada uno de nuestros estudiantes de 3\u00ba y 4\u00ba ha escrito un epitafio y, durante unos poquitos d\u00edas, los hemos expuesto en el patio. Los mejores epitafios han sido premiados con un ejemplar de los <\/span><i><span style=\"font-weight: 400;\">Cuentos<\/span><\/i><span style=\"font-weight: 400;\"> de Edgar Allan Poe, una lectura muy apropiada para estas fechas.\u00a0<\/span><span style=\"font-weight: 400;\">Los ganadores han sido: Alejandro Lech\u00e9 y Rebeca Yubero (3\u00ba ESO), Claudia Mart\u00edn y \u00c1ngela Alcal\u00e1 (4\u00ba ESO). \u00a1Enhorabuena! Que disfrut\u00e9is de la lectura.<\/span><\/p>\n<p><a href=\"https:\/\/cpivaldelaatalaya.es\/wp-content\/uploads\/2021\/11\/IMG-20211103-WA0002.jpg\"><img loading=\"lazy\" decoding=\"async\" class=\"alignnone size-medium wp-image-6041\" src=\"https:\/\/cpivaldelaatalaya.es\/wp-content\/uploads\/2021\/11\/IMG-20211103-WA0002-300x225.jpg\" alt=\"\" width=\"300\" height=\"225\" srcset=\"https:\/\/cpivaldelaatalaya.es\/wp-content\/uploads\/2021\/11\/IMG-20211103-WA0002-300x225.jpg 300w, https:\/\/cpivaldelaatalaya.es\/wp-content\/uploads\/2021\/11\/IMG-20211103-WA0002-1024x768.jpg 1024w, https:\/\/cpivaldelaatalaya.es\/wp-content\/uploads\/2021\/11\/IMG-20211103-WA0002-768x576.jpg 768w, https:\/\/cpivaldelaatalaya.es\/wp-content\/uploads\/2021\/11\/IMG-20211103-WA0002-1536x1152.jpg 1536w, https:\/\/cpivaldelaatalaya.es\/wp-content\/uploads\/2021\/11\/IMG-20211103-WA0002-750x563.jpg 750w, https:\/\/cpivaldelaatalaya.es\/wp-content\/uploads\/2021\/11\/IMG-20211103-WA0002.jpg 2000w\" sizes=\"auto, (max-width: 300px) 100vw, 300px\" \/><\/a> <a href=\"https:\/\/cpivaldelaatalaya.es\/wp-content\/uploads\/2021\/11\/image_50453505-scaled.jpg\"><img loading=\"lazy\" decoding=\"async\" class=\"alignnone size-medium wp-image-6042\" src=\"https:\/\/cpivaldelaatalaya.es\/wp-content\/uploads\/2021\/11\/image_50453505-300x225.jpg\" alt=\"\" width=\"300\" height=\"225\" srcset=\"https:\/\/cpivaldelaatalaya.es\/wp-content\/uploads\/2021\/11\/image_50453505-300x225.jpg 300w, https:\/\/cpivaldelaatalaya.es\/wp-content\/uploads\/2021\/11\/image_50453505-1024x768.jpg 1024w, https:\/\/cpivaldelaatalaya.es\/wp-content\/uploads\/2021\/11\/image_50453505-768x576.jpg 768w, https:\/\/cpivaldelaatalaya.es\/wp-content\/uploads\/2021\/11\/image_50453505-1536x1152.jpg 1536w, https:\/\/cpivaldelaatalaya.es\/wp-content\/uploads\/2021\/11\/image_50453505-2048x1536.jpg 2048w, https:\/\/cpivaldelaatalaya.es\/wp-content\/uploads\/2021\/11\/image_50453505-750x563.jpg 750w\" sizes=\"auto, (max-width: 300px) 100vw, 300px\" \/><\/a><\/p>\n","protected":false},"excerpt":{"rendered":"<p>Hace unos d\u00edas se celebr\u00f3 la noche de difuntos, tan arraigada en nuestras tierras aragonesas. Mientras los ni\u00f1os de infantil y primaria han disfrutado de la parte m\u00e1s l\u00fadica con sus disfraces terror\u00edficos, en la etapa de Secundaria del CPI Val de la Atalaya hemos recordado esta festividad trabajando en clase el epitafio como g\u00e9nero &hellip; <\/p>\n<p><a class=\"more-link btn\" href=\"https:\/\/cpivaldelaatalaya.es\/?p=6039\">Seguir leyendo<\/a><\/p>\n","protected":false},"author":12,"featured_media":0,"comment_status":"closed","ping_status":"closed","sticky":false,"template":"","format":"standard","meta":{"footnotes":""},"categories":[37,28],"tags":[],"class_list":["post-6039","post","type-post","status-publish","format-standard","hentry","category-biblioteca","category-secundaria","item-wrap"],"_links":{"self":[{"href":"https:\/\/cpivaldelaatalaya.es\/index.php?rest_route=\/wp\/v2\/posts\/6039","targetHints":{"allow":["GET"]}}],"collection":[{"href":"https:\/\/cpivaldelaatalaya.es\/index.php?rest_route=\/wp\/v2\/posts"}],"about":[{"href":"https:\/\/cpivaldelaatalaya.es\/index.php?rest_route=\/wp\/v2\/types\/post"}],"author":[{"embeddable":true,"href":"https:\/\/cpivaldelaatalaya.es\/index.php?rest_route=\/wp\/v2\/users\/12"}],"replies":[{"embeddable":true,"href":"https:\/\/cpivaldelaatalaya.es\/index.php?rest_route=%2Fwp%2Fv2%2Fcomments&post=6039"}],"version-history":[{"count":1,"href":"https:\/\/cpivaldelaatalaya.es\/index.php?rest_route=\/wp\/v2\/posts\/6039\/revisions"}],"predecessor-version":[{"id":6043,"href":"https:\/\/cpivaldelaatalaya.es\/index.php?rest_route=\/wp\/v2\/posts\/6039\/revisions\/6043"}],"wp:attachment":[{"href":"https:\/\/cpivaldelaatalaya.es\/index.php?rest_route=%2Fwp%2Fv2%2Fmedia&parent=6039"}],"wp:term":[{"taxonomy":"category","embeddable":true,"href":"https:\/\/cpivaldelaatalaya.es\/index.php?rest_route=%2Fwp%2Fv2%2Fcategories&post=6039"},{"taxonomy":"post_tag","embeddable":true,"href":"https:\/\/cpivaldelaatalaya.es\/index.php?rest_route=%2Fwp%2Fv2%2Ftags&post=6039"}],"curies":[{"name":"wp","href":"https:\/\/api.w.org\/{rel}","templated":true}]}}