{"id":6028,"date":"2021-11-03T08:21:49","date_gmt":"2021-11-03T08:21:49","guid":{"rendered":"http:\/\/cpivaldelaatalaya.es\/?p=6028"},"modified":"2021-11-03T08:21:50","modified_gmt":"2021-11-03T08:21:50","slug":"noviembre-mes-por-la-convivencia","status":"publish","type":"post","link":"https:\/\/cpivaldelaatalaya.es\/?p=6028","title":{"rendered":"NOVIEMBRE, MES POR LA CONVIVENCIA"},"content":{"rendered":"\n<p><a href=\"https:\/\/cpivaldelaatalaya.es\/wp-content\/uploads\/2021\/11\/Copia-de-Logo-mes-convivencia.png\"><img loading=\"lazy\" decoding=\"async\" class=\"wp-image-6029 aligncenter\" src=\"https:\/\/cpivaldelaatalaya.es\/wp-content\/uploads\/2021\/11\/Copia-de-Logo-mes-convivencia-300x164.png\" alt=\"\" width=\"359\" height=\"196\" srcset=\"https:\/\/cpivaldelaatalaya.es\/wp-content\/uploads\/2021\/11\/Copia-de-Logo-mes-convivencia-300x164.png 300w, https:\/\/cpivaldelaatalaya.es\/wp-content\/uploads\/2021\/11\/Copia-de-Logo-mes-convivencia.png 488w\" sizes=\"auto, (max-width: 359px) 100vw, 359px\" \/><\/a><\/p>\n<p>Por segundo a\u00f1o consecutivo, dedicamos el mes de noviembre a la convivencia escolar. Este curso nos vamos a centrar en la resoluci\u00f3n de conflictos adapt\u00e1ndolo a las distintas edades del alumnado desde infantil a secundaria.\u00a0<\/p>\n","protected":false},"excerpt":{"rendered":"<p>Por segundo a\u00f1o consecutivo, dedicamos el mes de noviembre a la convivencia escolar. Este curso nos vamos a centrar en la resoluci\u00f3n de conflictos adapt\u00e1ndolo a las distintas edades del alumnado desde infantil a secundaria.\u00a0<\/p>\n","protected":false},"author":12,"featured_media":0,"comment_status":"closed","ping_status":"closed","sticky":false,"template":"","format":"standard","meta":{"footnotes":""},"categories":[30,29,28],"tags":[],"class_list":["post-6028","post","type-post","status-publish","format-standard","hentry","category-infantil","category-primaria","category-secundaria","item-wrap"],"_links":{"self":[{"href":"https:\/\/cpivaldelaatalaya.es\/index.php?rest_route=\/wp\/v2\/posts\/6028","targetHints":{"allow":["GET"]}}],"collection":[{"href":"https:\/\/cpivaldelaatalaya.es\/index.php?rest_route=\/wp\/v2\/posts"}],"about":[{"href":"https:\/\/cpivaldelaatalaya.es\/index.php?rest_route=\/wp\/v2\/types\/post"}],"author":[{"embeddable":true,"href":"https:\/\/cpivaldelaatalaya.es\/index.php?rest_route=\/wp\/v2\/users\/12"}],"replies":[{"embeddable":true,"href":"https:\/\/cpivaldelaatalaya.es\/index.php?rest_route=%2Fwp%2Fv2%2Fcomments&post=6028"}],"version-history":[{"count":2,"href":"https:\/\/cpivaldelaatalaya.es\/index.php?rest_route=\/wp\/v2\/posts\/6028\/revisions"}],"predecessor-version":[{"id":6031,"href":"https:\/\/cpivaldelaatalaya.es\/index.php?rest_route=\/wp\/v2\/posts\/6028\/revisions\/6031"}],"wp:attachment":[{"href":"https:\/\/cpivaldelaatalaya.es\/index.php?rest_route=%2Fwp%2Fv2%2Fmedia&parent=6028"}],"wp:term":[{"taxonomy":"category","embeddable":true,"href":"https:\/\/cpivaldelaatalaya.es\/index.php?rest_route=%2Fwp%2Fv2%2Fcategories&post=6028"},{"taxonomy":"post_tag","embeddable":true,"href":"https:\/\/cpivaldelaatalaya.es\/index.php?rest_route=%2Fwp%2Fv2%2Ftags&post=6028"}],"curies":[{"name":"wp","href":"https:\/\/api.w.org\/{rel}","templated":true}]}}