{"id":6024,"date":"2021-11-02T11:56:39","date_gmt":"2021-11-02T11:56:39","guid":{"rendered":"http:\/\/cpivaldelaatalaya.es\/?p=6024"},"modified":"2021-11-02T11:56:39","modified_gmt":"2021-11-02T11:56:39","slug":"poesia-para-llevar","status":"publish","type":"post","link":"https:\/\/cpivaldelaatalaya.es\/?p=6024","title":{"rendered":"POES\u00cdA PARA LLEVAR"},"content":{"rendered":"\n<div><span style=\"font-family: arial, sans-serif;\">Desde el \u00e1rea de lengua de secundaria, nos gustar\u00eda compartir con vosotros nuestra participaci\u00f3n en el programa<i>\u00a0Poes\u00eda para llevar,\u00a0<\/i>nuestro centro ha sido el elegido para la apertura del curso.\u00a0<\/span><\/div>\n<div><span style=\"font-family: arial, sans-serif;\">Nos hemos decantado por un poema de Elvira Sastre, lo pod\u00e9is encontrar en el blog del centro\u00a0<a href=\"https:\/\/bibliotecacpivaldelaatalaya.blogspot.com\/\" target=\"_blank\" rel=\"noopener\" data-saferedirecturl=\"https:\/\/www.google.com\/url?q=https:\/\/bibliotecacpivaldelaatalaya.blogspot.com&amp;source=gmail&amp;ust=1635939119580000&amp;usg=AFQjCNHC0YGoFIPj1DdUFmEcJGXJ7vqhNA\">https:\/\/<wbr \/>bibliotecacpivaldelaatalaya.<wbr \/>blogspot.com<\/a><\/span><\/div>\n<div>Su poema nos ha permitido profundizar en los miedos en la semana m\u00e1s terror\u00edfica del a\u00f1o. A trav\u00e9s de su composici\u00f3n, hemos confesado aquellos desasosiegos que se instauran en nosotros como compa\u00f1eros de vida. As\u00ed, hemos podido comprobar que poco tienen que ver con todo la iconograf\u00eda que decora nuestras vidas estos d\u00edas. La poes\u00eda revelada que ha realizado 2\u00ba y 3\u00ba de PMAR sobre sus temores cotidianos nos muestran objetos m\u00e1s cercanos como las miradas inquisitorias o la falta de vacunas. Del mismo modo, los caligramas de 2\u00ba de ESO muestran como m\u00e1ximo objeto de terror el enfado de una madre o un espejo que devuelve un reflejo no deseado.\u00a0 Merece la pena ver los v\u00eddeos.<\/div>\n","protected":false},"excerpt":{"rendered":"<p>Desde el \u00e1rea de lengua de secundaria, nos gustar\u00eda compartir con vosotros nuestra participaci\u00f3n en el programa\u00a0Poes\u00eda para llevar,\u00a0nuestro centro ha sido el elegido para la apertura del curso.\u00a0 Nos hemos decantado por un poema de Elvira Sastre, lo pod\u00e9is encontrar en el blog del centro\u00a0https:\/\/bibliotecacpivaldelaatalaya.blogspot.com Su poema nos ha permitido profundizar en los miedos &hellip; <\/p>\n<p><a class=\"more-link btn\" href=\"https:\/\/cpivaldelaatalaya.es\/?p=6024\">Seguir leyendo<\/a><\/p>\n","protected":false},"author":12,"featured_media":0,"comment_status":"closed","ping_status":"closed","sticky":false,"template":"","format":"standard","meta":{"footnotes":""},"categories":[37,28],"tags":[],"class_list":["post-6024","post","type-post","status-publish","format-standard","hentry","category-biblioteca","category-secundaria","item-wrap"],"_links":{"self":[{"href":"https:\/\/cpivaldelaatalaya.es\/index.php?rest_route=\/wp\/v2\/posts\/6024","targetHints":{"allow":["GET"]}}],"collection":[{"href":"https:\/\/cpivaldelaatalaya.es\/index.php?rest_route=\/wp\/v2\/posts"}],"about":[{"href":"https:\/\/cpivaldelaatalaya.es\/index.php?rest_route=\/wp\/v2\/types\/post"}],"author":[{"embeddable":true,"href":"https:\/\/cpivaldelaatalaya.es\/index.php?rest_route=\/wp\/v2\/users\/12"}],"replies":[{"embeddable":true,"href":"https:\/\/cpivaldelaatalaya.es\/index.php?rest_route=%2Fwp%2Fv2%2Fcomments&post=6024"}],"version-history":[{"count":1,"href":"https:\/\/cpivaldelaatalaya.es\/index.php?rest_route=\/wp\/v2\/posts\/6024\/revisions"}],"predecessor-version":[{"id":6025,"href":"https:\/\/cpivaldelaatalaya.es\/index.php?rest_route=\/wp\/v2\/posts\/6024\/revisions\/6025"}],"wp:attachment":[{"href":"https:\/\/cpivaldelaatalaya.es\/index.php?rest_route=%2Fwp%2Fv2%2Fmedia&parent=6024"}],"wp:term":[{"taxonomy":"category","embeddable":true,"href":"https:\/\/cpivaldelaatalaya.es\/index.php?rest_route=%2Fwp%2Fv2%2Fcategories&post=6024"},{"taxonomy":"post_tag","embeddable":true,"href":"https:\/\/cpivaldelaatalaya.es\/index.php?rest_route=%2Fwp%2Fv2%2Ftags&post=6024"}],"curies":[{"name":"wp","href":"https:\/\/api.w.org\/{rel}","templated":true}]}}