{"id":5198,"date":"2021-04-19T13:12:02","date_gmt":"2021-04-19T13:12:02","guid":{"rendered":"http:\/\/cpivaldelaatalaya.es\/?p=5198"},"modified":"2021-05-06T14:49:55","modified_gmt":"2021-05-06T14:49:55","slug":"proceso-de-escolarizacion-de-educacion-infantil-y-primaria","status":"publish","type":"post","link":"https:\/\/cpivaldelaatalaya.es\/?p=5198","title":{"rendered":"PROCESO DE ESCOLARIZACI\u00d3N DE EDUCACI\u00d3N INFANTIL Y PRIMARIA"},"content":{"rendered":"\n<p><strong><u>PLAZO DE PRESENTACI\u00d3N DE SOLICITUDES: <\/u><\/strong>del martes 20 de abril al martes 27 de abril (ambos inclusive)<\/p>\n<p><strong><u>PRESENTACI\u00d3N DE LA SOLICITUD DE FORMA TELEM\u00c1TICA:&nbsp; <\/u><\/strong>Se presentar\u00e1 UNA \u00daNICA SOLICITUD a trav\u00e9s de la p\u00e1gina web: <a href=\"https:\/\/educa.aragon.es\/admision\" target=\"_blank\" rel=\"noopener\">educa.aragon.es\/admision<\/a><\/p>\n<p><strong>OFICINAS DE INFORMACI\u00d3N DEL PROCESO DE ESCOLARIZACI\u00d3N: <\/strong>Se pone a disposici\u00f3n de las familias unas&nbsp;<strong><a href=\"https:\/\/educa.aragon.es\/-\/oficinasinformacion\" target=\"_blank\" rel=\"noopener\">Oficinas de informaci\u00f3n general<\/a>,&nbsp;<\/strong>cuyas tareas ser\u00e1n:&nbsp;<\/p>\n<ul>\n<li style=\"list-style-type: none;\">\n<ul>\n<li>Atender consultas sobre la normativa vigente que regula el proceso de escolarizaci\u00f3n de Educaci\u00f3n Infantil, Educaci\u00f3n Primaria y Educaci\u00f3n Especial.&nbsp;<\/li>\n<li>Ayudar a las familias a cumplimentar su solicitud de plaza escolar y presentarla telem\u00e1ticamente (por ordenador o tel\u00e9fono m\u00f3vil).&nbsp;<\/li>\n<\/ul>\n<\/li>\n<li><strong>Atenci\u00f3n telef\u00f3nica:<\/strong> 876 036 764\n<ul>\n<li><strong>D\u00edas<\/strong>: 15, 16, 19, 20, 21, 22 y 26 de abril<\/li>\n<li><strong>Horario: <\/strong>de 9 a 14 h. y de 16 a 20 h.&nbsp;&nbsp;<\/li>\n<li>El 27 de abril, de 9 a 14 h.&nbsp;<\/li>\n<\/ul>\n<\/li>\n<\/ul>\n<ul>\n<li><strong>Atenci\u00f3n presencial<\/strong>: Es necesario <strong><u>solicitar cita previa<\/u><\/strong> para acudir presencialmente a estas oficinas y NO al CPI Val de la Atalaya.<\/li>\n<\/ul>\n<p><a href=\"https:\/\/citaprevia.aragon.es\/provincias\" target=\"_blank\" rel=\"noopener\"><strong><em>Petici\u00f3n cita previa: <\/em><\/strong><\/a>Ubicaci\u00f3n de las oficinas, periodos y horarios:<\/p>\n<ul>\n<li>Servicio Provincial de Educaci\u00f3n, Cultura y Deporte. &nbsp;Avda. Juan Pablo II, 20: <strong><u>20, 21, 22, 26 y 27 de abril, de 9 a 14<\/u><\/strong><\/li>\n<li>Centro de Profesorado Juan de Lanuza. C\/Buen Pastor, 4: <strong><u>19, 20, 21, 22 y 26 de abril, de 16 a 20 h.<\/u><\/strong><\/li>\n<\/ul>\n<p>&nbsp;<\/p>\n<p><strong><u>NORMATIVA DEL PROCESO DE ESCOLARIZACI\u00d3N:&nbsp;<\/u><\/strong><\/p>\n\n\n\n<figure class=\"wp-block-image size-large\"><a href=\"https:\/\/tokapp.com\/url\/jsybibdp\" target=\"_blank\" rel=\"noopener\"><img loading=\"lazy\" decoding=\"async\" width=\"698\" height=\"436\" src=\"https:\/\/cpivaldelaatalaya.es\/wp-content\/uploads\/2021\/04\/4.jpg\" alt=\"\" class=\"wp-image-5201\" srcset=\"https:\/\/cpivaldelaatalaya.es\/wp-content\/uploads\/2021\/04\/4.jpg 698w, https:\/\/cpivaldelaatalaya.es\/wp-content\/uploads\/2021\/04\/4-300x187.jpg 300w\" sizes=\"auto, (max-width: 698px) 100vw, 698px\" \/><\/a><\/figure>\n\n\n\n<p><strong><u>LAS SOLICITUDES QUEDAR\u00c1N EXCLUIDAS EN LOS SIGUIENTES CASOS: <\/u><\/strong><\/p>\n<ul>\n<li>Cuando se presente m\u00e1s de una solicitud.<\/li>\n<li>Cuando se presenten fuera de plazo (del 20 al 27 de abril, ambos inclusive) y de la forma indicada.<\/li>\n<li>Cuando haya alg\u00fan indicio de falsedad en la documentaci\u00f3n.<\/li>\n<li>Cuando no se cumplan los requisitos.<\/li>\n<\/ul>\n<p><strong><u>REALIZACI\u00d3N DE LA SOLICITUD:<\/u><\/strong><\/p>\n<p>Todo el proceso de escolarizaci\u00f3n se har\u00e1 de forma <strong>TELEM\u00c1TICA<\/strong>. Solo, y <u>de manera EXCEPCIONAL<\/u>, se podr\u00e1n presentar las solicitudes en el centro de primera opci\u00f3n.&nbsp; Para ello, es obligatorio pedir cita previa. Si el centro de primera opci\u00f3n es el CPI Val de la Atalaya llamar al 976124549 o al 976938572 para pedir cita previa y as\u00ed poder mantener en nuestro centro las medidas de seguridad sanitarias.<\/p>\n<p>&nbsp;La solicitud se realizar\u00e1 a trav\u00e9s de la sede electr\u00f3nica del Gobierno de Arag\u00f3n:<\/p>\n<ul>\n<li><a href=\"https:\/\/educa.aragon.es\/-\/realizacionsolicitudesord\" target=\"_blank\" rel=\"noopener\">Enlace a la solicitud<\/a>&nbsp; &nbsp; &nbsp;<\/li>\n<li><a href=\"https:\/\/tokapp.com\/url\/al1smrkr\" target=\"_blank\" rel=\"noopener\">Enlace a gu\u00eda para la presentaci\u00f3n telem\u00e1tica de la solicitud<\/a><\/li>\n<li><a href=\"https:\/\/tokapp.com\/url\/cm89qc3s\" target=\"_blank\" rel=\"noopener\">Enlace a un video explicativo de c\u00f3mo cumplimentar la solicitud<\/a><\/li>\n<li><a href=\"https:\/\/tokapp.com\/url\/z1om4bbj\" target=\"_blank\" rel=\"noopener\">Enlace a un v\u00eddeo explicativo sobre los tipos de solicitud<\/a><\/li>\n<li><a href=\"https:\/\/tokapp.com\/url\/d0nkm5af\" target=\"_blank\" rel=\"noopener\">Enlace a v\u00eddeo explicativo de la documentaci\u00f3n necesaria para la solicitud<\/a><\/li>\n<\/ul>\n\n\n\n<p><strong>CALENDARIO DEL PROCESO DE ESCOLARIZACI\u00d3N<\/strong><\/p>\n<table>\n<tbody>\n<tr>\n<td width=\"234\">\n<p>16 DE ABRIL<\/p>\n<\/td>\n<td width=\"802\">\n<p>Publicaci\u00f3n de vacantes existentes en los centros sostenidos con fondos p\u00fablicos de Arag\u00f3n.<\/p>\n<\/td>\n<\/tr>\n<tr>\n<td width=\"234\">\n<p>DEL 20 AL 27 DE ABRIL<\/p>\n<\/td>\n<td width=\"802\">\n<p>Presentaciones de solicitudes<\/p>\n<\/td>\n<\/tr>\n<tr>\n<td width=\"234\">\n<p>5 DE MAYO<\/p>\n<\/td>\n<td width=\"802\">\n<p>Publicaci\u00f3n de las listas baremadas<\/p>\n<\/td>\n<\/tr>\n<tr>\n<td width=\"234\">\n<p>DEL 6 AL 10 DE MAYO<\/p>\n<\/td>\n<td width=\"802\">\n<p>Plazo de reclamaciones sobre las listas baremadas.<\/p>\n<\/td>\n<\/tr>\n<tr>\n<td width=\"234\">\n<p>12 DE MAYO<\/p>\n<\/td>\n<td width=\"802\">\n<p>Se publicar\u00e1 el n\u00ba aleatorio y se realizar\u00e1 el sorteo (solo en los casos necesarios)<\/p>\n<\/td>\n<\/tr>\n<tr>\n<td width=\"234\">\n<p>13 DE MAYO<\/p>\n<\/td>\n<td width=\"802\">\n<p>Se publicar\u00e1n las listas provisionales.<\/p>\n<\/td>\n<\/tr>\n<tr>\n<td width=\"234\">\n<p>DEL 14 AL 18 DE MAYO<\/p>\n<\/td>\n<td width=\"802\">\n<p>Plazo de reclamaciones de las listas provisionales.<\/p>\n<\/td>\n<\/tr>\n<tr>\n<td width=\"234\">\n<p>20 DE MAYO<\/p>\n<\/td>\n<td width=\"802\">\n<p>Se publicar\u00e1n las listas definitivas<\/p>\n<\/td>\n<\/tr>\n<tr>\n<td width=\"234\">\n<p>1 DE JUNIO<\/p>\n<\/td>\n<td width=\"802\">\n<p>Adjudicaci\u00f3n de oficio por el Servicio Provincial<\/p>\n<\/td>\n<\/tr>\n<tr>\n<td width=\"234\">\n<p>DEL 10 AL 17 DE JUNIO<\/p>\n<\/td>\n<td width=\"802\">\n<p>Matriculaci\u00f3n nuevos alumnos de Educaci\u00f3n Infantil, 1\u00ba de Primaria y Educaci\u00f3n Especial.<\/p>\n<p><strong>(En caso de no se realizar la matricula, se pierde el derecho a la plaza obtenida)<\/strong><\/p>\n<\/td>\n<\/tr>\n<tr>\n<td width=\"234\">\n<p>DEL 17 AL 22 DE JUNIO<\/p>\n<\/td>\n<td width=\"802\">\n<p>Matriculaci\u00f3n nuevos alumnos de 2\u00ba a 6\u00ba Educaci\u00f3n Primaria<\/p>\n<p><strong>(En caso de no se realizar la matricula, se pierde el derecho a la plaza obtenida)<\/strong><\/p>\n<\/td>\n<\/tr>\n<tr>\n<td colspan=\"2\" width=\"1036\">\n<p>La <strong>publicaci\u00f3n de listados<\/strong> NO se realizar\u00e1 en los tablones de los centros, la publicaci\u00f3n se har\u00e1 en el Portal de Educaci\u00f3n. Y se acceder\u00e1 a los listados con el usuario y contrase\u00f1a que se genere a la hora de hacer la solicitud.<\/p>\n<p>La <strong>celebraci\u00f3n del sorteo p\u00fablico <\/strong>NO se realizar\u00e1 en los centros, se har\u00e1 un sorteo \u00fanico desde el Departamento de Educaci\u00f3n.<\/p>\n<p>Todo ello, se podr\u00e1 ver desde la p\u00e1gina web: <a href=\"https:\/\/educa.aragon.es\/admision\" target=\"_blank\" rel=\"noopener\">educa.aragon.es\/admision<\/a><\/p>\n<\/td>\n<\/tr>\n<\/tbody>\n<\/table>\n","protected":false},"excerpt":{"rendered":"<p>PLAZO DE PRESENTACI\u00d3N DE SOLICITUDES: del martes 20 de abril al martes 27 de abril (ambos inclusive) PRESENTACI\u00d3N DE LA SOLICITUD DE FORMA TELEM\u00c1TICA:&nbsp; Se presentar\u00e1 UNA \u00daNICA SOLICITUD a trav\u00e9s de la p\u00e1gina web: educa.aragon.es\/admision OFICINAS DE INFORMACI\u00d3N DEL PROCESO DE ESCOLARIZACI\u00d3N: Se pone a disposici\u00f3n de las familias unas&nbsp;Oficinas de informaci\u00f3n general,&nbsp;cuyas tareas &hellip; <\/p>\n<p><a class=\"more-link btn\" href=\"https:\/\/cpivaldelaatalaya.es\/?p=5198\">Seguir leyendo<\/a><\/p>\n","protected":false},"author":2,"featured_media":0,"comment_status":"closed","ping_status":"closed","sticky":false,"template":"","format":"standard","meta":{"footnotes":""},"categories":[30,29],"tags":[],"class_list":["post-5198","post","type-post","status-publish","format-standard","hentry","category-infantil","category-primaria","item-wrap"],"_links":{"self":[{"href":"https:\/\/cpivaldelaatalaya.es\/index.php?rest_route=\/wp\/v2\/posts\/5198","targetHints":{"allow":["GET"]}}],"collection":[{"href":"https:\/\/cpivaldelaatalaya.es\/index.php?rest_route=\/wp\/v2\/posts"}],"about":[{"href":"https:\/\/cpivaldelaatalaya.es\/index.php?rest_route=\/wp\/v2\/types\/post"}],"author":[{"embeddable":true,"href":"https:\/\/cpivaldelaatalaya.es\/index.php?rest_route=\/wp\/v2\/users\/2"}],"replies":[{"embeddable":true,"href":"https:\/\/cpivaldelaatalaya.es\/index.php?rest_route=%2Fwp%2Fv2%2Fcomments&post=5198"}],"version-history":[{"count":9,"href":"https:\/\/cpivaldelaatalaya.es\/index.php?rest_route=\/wp\/v2\/posts\/5198\/revisions"}],"predecessor-version":[{"id":5565,"href":"https:\/\/cpivaldelaatalaya.es\/index.php?rest_route=\/wp\/v2\/posts\/5198\/revisions\/5565"}],"wp:attachment":[{"href":"https:\/\/cpivaldelaatalaya.es\/index.php?rest_route=%2Fwp%2Fv2%2Fmedia&parent=5198"}],"wp:term":[{"taxonomy":"category","embeddable":true,"href":"https:\/\/cpivaldelaatalaya.es\/index.php?rest_route=%2Fwp%2Fv2%2Fcategories&post=5198"},{"taxonomy":"post_tag","embeddable":true,"href":"https:\/\/cpivaldelaatalaya.es\/index.php?rest_route=%2Fwp%2Fv2%2Ftags&post=5198"}],"curies":[{"name":"wp","href":"https:\/\/api.w.org\/{rel}","templated":true}]}}