{"id":4430,"date":"2020-02-21T21:46:07","date_gmt":"2020-02-21T21:46:07","guid":{"rendered":"http:\/\/cpivaldelaatalaya.es\/?p=4430"},"modified":"2020-02-24T10:08:46","modified_gmt":"2020-02-24T10:08:46","slug":"inmersion-linguistica-en-alquezar-1o-y-2o-eso","status":"publish","type":"post","link":"https:\/\/cpivaldelaatalaya.es\/?p=4430","title":{"rendered":"INMERSI\u00d3N LING\u00dc\u00cdSTICA EN ALQU\u00c9ZAR &#8211; 1\u00ba y 2\u00ba ESO"},"content":{"rendered":"\n<figure class=\"wp-block-gallery columns-1 is-cropped wp-block-gallery-1 is-layout-flex wp-block-gallery-is-layout-flex\"><ul class=\"blocks-gallery-grid\"><li class=\"blocks-gallery-item\"><figure><img loading=\"lazy\" decoding=\"async\" width=\"800\" height=\"536\" src=\"https:\/\/cpivaldelaatalaya.es\/wp-content\/uploads\/2020\/02\/alquezar-1.jpg\" alt=\"\" data-id=\"4432\" data-full-url=\"https:\/\/cpivaldelaatalaya.es\/wp-content\/uploads\/2020\/02\/alquezar-1.jpg\" data-link=\"https:\/\/cpivaldelaatalaya.es\/?attachment_id=4432\" class=\"wp-image-4432\" srcset=\"https:\/\/cpivaldelaatalaya.es\/wp-content\/uploads\/2020\/02\/alquezar-1.jpg 800w, https:\/\/cpivaldelaatalaya.es\/wp-content\/uploads\/2020\/02\/alquezar-1-300x201.jpg 300w, https:\/\/cpivaldelaatalaya.es\/wp-content\/uploads\/2020\/02\/alquezar-1-768x515.jpg 768w\" sizes=\"auto, (max-width: 800px) 100vw, 800px\" \/><\/figure><\/li><\/ul><\/figure>\n\n\n\n<p>El viaje\nse har\u00e1 desde la puerta del C.P.I. Val de la Atalaya. Presentaci\u00f3n a las 8:15h\nel lunes d\u00eda 24 de Febrero, 2020. Regreso el jueves 27 de Febrero, 2020 sobre\nlas 18:00h.<\/p>\n\n\n\n<p>El objetivo principal es fomentar el uso oral del\ningl\u00e9s a trav\u00e9s de actividades motivadoras y atractivas para los alumnos. El programa incluye actividades en ingl\u00e9s durante unas 6 o 7 horas\ndiarias, con un monitor de idioma nativo o biling\u00fce por cada 12\/15 estudiantes.\nTambi\u00e9n incluye un taller de bot\u00e1nica y otro de ornitolog\u00eda, escalada y la ruta\nde las pasarelas.<\/p>\n\n\n\n<p><strong>Horario:<\/strong><\/p>\n\n\n\n<p class=\"has-text-align-left\">9:00 Desayuno.<br>10:00 \u2013 13:00 talleres de idioma.<br>13:30 comida.<br>15:00 \u2013 19:00 talleres de idioma \/ actividades de aventura (merienda a las 17:00).<br>19:00 duchas.<br>20:00 cena.<br>21:00-22:30 actividad de noche en idioma.<br>23:30 silencio, a dormir.<\/p>\n\n\n\n<p><strong>Equipaje:<\/strong><\/p>\n\n\n\n<p>Ropa (un recambio diario)<\/p>\n\n\n\n<ul class=\"wp-block-list\"><li>Pantalones c\u00f3modos largos.<\/li><li>Camiseta de manga corta.<\/li><li>Ropa interior.<\/li><li>Calcetines.<\/li><li>Pijama.<\/li><\/ul>\n\n\n\n<p>Y tambi\u00e9n:<\/p>\n\n\n\n<ul class=\"wp-block-list\"><li>Jers\u00e9is o chaquetas deportivas (3 max.)<\/li><li>Un chubasquero.<\/li><li>Una prenda exterior de abrigo.<\/li><li>Dos pares de calzado deportivo c\u00f3modos.<\/li><li>Chanclas para la ducha.<\/li><\/ul>\n\n\n\n<p>Una bolsa de aseo con:<\/p>\n\n\n\n<ul class=\"wp-block-list\"><li>Un bote peque\u00f1o de gel\/champ\u00fa.<\/li><li>Peine o cepillo<\/li><li>Cepillo y pasta de dientes.<\/li><li>Toalla peque\u00f1a (cara y manos) y toalla grande de ducha.<\/li><li>Crema solar y cacao.<\/li><\/ul>\n\n\n\n<p>Adem\u00e1s:<\/p>\n\n\n\n<ul class=\"wp-block-list\"><li>Una bolsa para la ropa sucia.<\/li><li>Saco para dormir, s\u00e1bana bajera (80 cm) y funda de almohada.<\/li><li>Cantimplora y gorra.<\/li><li>Tarjeta de la Seguridad Social o seguro privado.<\/li><li>Un estuche con l\u00e1piz, goma, tijeras, pegamento, pinturas, rotuladores\u2026<\/li><\/ul>\n\n\n\n<p>NO EST\u00c1 PERMITIDO TRAER JUEGOS ELECTR\u00d3NICOS, M\u00d3VILES,\nCOMIDA NI DINERO.<\/p>\n\n\n\n<p>Deber\u00e1n llevar el almuerzo (\u00fanica comida permitida)\npara el primer d\u00eda. La comida ser\u00e1 a las 13:30h y est\u00e1 incluida en el precio\ndel programa.<\/p>\n\n\n\n<p>La tarjeta sanitaria original se entregar\u00e1 a los\nprofesores acompa\u00f1antes antes de subir al autob\u00fas. De igual modo, si el\nalumno\/a tuviera que tomar alg\u00fan tipo de medicaci\u00f3n, la portar\u00e1 en una bolsa de\npl\u00e1stico transparente con autocierre. En el interior deber\u00e1 poner el nombre del\nalumno y las horas a las que debe tomar la medicaci\u00f3n. Dicha bolsa tambi\u00e9n se\nentregar\u00e1 a los profesores acompa\u00f1antes antes de la salida. <\/p>\n\n\n\n<p>El tel\u00e9fono\nde emergencia que llevan los profesores acompa\u00f1antes es el siguiente: 620 165\n979. No est\u00e1n permitidas las llamadas, excepto si se trata de algo urgente. <\/p>\n\n\n\n<p>Cada d\u00eda\nse podr\u00e1 ver un breve resumen de las actividades realizadas a lo largo del d\u00eda,\nas\u00ed como alguna foto representativa, en la p\u00e1gina web del centro. <\/p>\n","protected":false},"excerpt":{"rendered":"<p>El viaje se har\u00e1 desde la puerta del C.P.I. Val de la Atalaya. Presentaci\u00f3n a las 8:15h el lunes d\u00eda 24 de Febrero, 2020. Regreso el jueves 27 de Febrero, 2020 sobre las 18:00h. El objetivo principal es fomentar el uso oral del ingl\u00e9s a trav\u00e9s de actividades motivadoras y atractivas para los alumnos. El &hellip; <\/p>\n<p><a class=\"more-link btn\" href=\"https:\/\/cpivaldelaatalaya.es\/?p=4430\">Seguir leyendo<\/a><\/p>\n","protected":false},"author":2,"featured_media":0,"comment_status":"closed","ping_status":"open","sticky":false,"template":"","format":"standard","meta":{"footnotes":""},"categories":[28],"tags":[],"class_list":["post-4430","post","type-post","status-publish","format-standard","hentry","category-secundaria","item-wrap"],"_links":{"self":[{"href":"https:\/\/cpivaldelaatalaya.es\/index.php?rest_route=\/wp\/v2\/posts\/4430","targetHints":{"allow":["GET"]}}],"collection":[{"href":"https:\/\/cpivaldelaatalaya.es\/index.php?rest_route=\/wp\/v2\/posts"}],"about":[{"href":"https:\/\/cpivaldelaatalaya.es\/index.php?rest_route=\/wp\/v2\/types\/post"}],"author":[{"embeddable":true,"href":"https:\/\/cpivaldelaatalaya.es\/index.php?rest_route=\/wp\/v2\/users\/2"}],"replies":[{"embeddable":true,"href":"https:\/\/cpivaldelaatalaya.es\/index.php?rest_route=%2Fwp%2Fv2%2Fcomments&post=4430"}],"version-history":[{"count":1,"href":"https:\/\/cpivaldelaatalaya.es\/index.php?rest_route=\/wp\/v2\/posts\/4430\/revisions"}],"predecessor-version":[{"id":4433,"href":"https:\/\/cpivaldelaatalaya.es\/index.php?rest_route=\/wp\/v2\/posts\/4430\/revisions\/4433"}],"wp:attachment":[{"href":"https:\/\/cpivaldelaatalaya.es\/index.php?rest_route=%2Fwp%2Fv2%2Fmedia&parent=4430"}],"wp:term":[{"taxonomy":"category","embeddable":true,"href":"https:\/\/cpivaldelaatalaya.es\/index.php?rest_route=%2Fwp%2Fv2%2Fcategories&post=4430"},{"taxonomy":"post_tag","embeddable":true,"href":"https:\/\/cpivaldelaatalaya.es\/index.php?rest_route=%2Fwp%2Fv2%2Ftags&post=4430"}],"curies":[{"name":"wp","href":"https:\/\/api.w.org\/{rel}","templated":true}]}}